{"id":99662,"date":"2024-02-01T11:53:33","date_gmt":"2024-02-01T10:53:33","guid":{"rendered":"https:\/\/www.alpecincycling.com\/?p=99662"},"modified":"2024-02-02T14:51:16","modified_gmt":"2024-02-02T13:51:16","slug":"preview-cx-world-championships-2024-tabor","status":"publish","type":"post","link":"https:\/\/www.alpecincycling.com\/en\/pro-peloton\/preview-cx-world-championships-2024-tabor\/","title":{"rendered":"Preview Cyclocross World Championships 2024 Tabor"},"content":{"rendered":"\n<figure class=\"wp-block-gallery has-nested-images columns-default is-cropped wp-block-gallery-1 is-layout-flex wp-block-gallery-is-layout-flex\">\n<figure data-wp-context=\"{&quot;imageId&quot;:&quot;69f2e2e0879f6&quot;}\" data-wp-interactive=\"core\/image\" data-wp-key=\"69f2e2e0879f6\" class=\"wp-block-image size-large is-style-default wp-lightbox-container\"><img decoding=\"async\" width=\"1024\" height=\"683\" data-wp-class--hide=\"state.isContentHidden\" data-wp-class--show=\"state.isContentVisible\" data-wp-init=\"callbacks.setButtonStyles\" data-wp-on--click=\"actions.showLightbox\" data-wp-on--load=\"callbacks.setButtonStyles\" data-wp-on-window--resize=\"callbacks.setButtonStyles\" data-id=\"99621\" src=\"https:\/\/www.alpecincycling.com\/app\/uploads\/2024\/01\/PHOTONEWS_10840107-016-1024x683.jpg\" alt=\"\" class=\"wp-image-99621\" srcset=\"https:\/\/www.alpecincycling.com\/app\/uploads\/2024\/01\/PHOTONEWS_10840107-016-1024x683.jpg 1024w, https:\/\/www.alpecincycling.com\/app\/uploads\/2024\/01\/PHOTONEWS_10840107-016-300x200.jpg 300w, https:\/\/www.alpecincycling.com\/app\/uploads\/2024\/01\/PHOTONEWS_10840107-016-768x512.jpg 768w, https:\/\/www.alpecincycling.com\/app\/uploads\/2024\/01\/PHOTONEWS_10840107-016-1536x1024.jpg 1536w, https:\/\/www.alpecincycling.com\/app\/uploads\/2024\/01\/PHOTONEWS_10840107-016-2048x1365.jpg 2048w, https:\/\/www.alpecincycling.com\/app\/uploads\/2024\/01\/PHOTONEWS_10840107-016-1920x1280.jpg 1920w, https:\/\/www.alpecincycling.com\/app\/uploads\/2024\/01\/PHOTONEWS_10840107-016-1500x1000.jpg 1500w, https:\/\/www.alpecincycling.com\/app\/uploads\/2024\/01\/PHOTONEWS_10840107-016-1060x707.jpg 1060w, https:\/\/www.alpecincycling.com\/app\/uploads\/2024\/01\/PHOTONEWS_10840107-016-700x467.jpg 700w, https:\/\/www.alpecincycling.com\/app\/uploads\/2024\/01\/PHOTONEWS_10840107-016-325x217.jpg 325w\" sizes=\"(max-width: 1024px) 100vw, 1024px\" \/><button\n\t\t\tclass=\"lightbox-trigger\"\n\t\t\ttype=\"button\"\n\t\t\taria-haspopup=\"dialog\"\n\t\t\taria-label=\"Enlarge\"\n\t\t\tdata-wp-init=\"callbacks.initTriggerButton\"\n\t\t\tdata-wp-on--click=\"actions.showLightbox\"\n\t\t\tdata-wp-style--right=\"state.imageButtonRight\"\n\t\t\tdata-wp-style--top=\"state.imageButtonTop\"\n\t\t>\n\t\t\t<svg xmlns=\"http:\/\/www.w3.org\/2000\/svg\" width=\"12\" height=\"12\" fill=\"none\" viewBox=\"0 0 12 12\">\n\t\t\t\t<path fill=\"#fff\" d=\"M2 0a2 2 0 0 0-2 2v2h1.5V2a.5.5 0 0 1 .5-.5h2V0H2Zm2 10.5H2a.5.5 0 0 1-.5-.5V8H0v2a2 2 0 0 0 2 2h2v-1.5ZM8 12v-1.5h2a.5.5 0 0 0 .5-.5V8H12v2a2 2 0 0 1-2 2H8Zm2-12a2 2 0 0 1 2 2v2h-1.5V2a.5.5 0 0 0-.5-.5H8V0h2Z\" \/>\n\t\t\t<\/svg>\n\t\t<\/button><figcaption class=\"wp-element-caption\"> \u00a9 Photonews<\/figcaption><\/figure>\n<\/figure>\n\n\n\n<p><strong>The Cyclocross World Championships are taking place in Tabor, Czech Republic, next weekend. The championships have been held here three times before: in 2001, 2010, and 2015.<\/strong><\/p>\n\n\n\n<p>It will be a competition  of the world champions from 2010 and 2015, each with very different prospects. Zden\u011bk \u0160tybar, the winner from 2010, will be making his farewell appearance. Mathieu van der Poel, who claimed his first elite world champion title in 2015 and was the youngest rider ever to don the rainbow jersey in this discipline, aims to secure his sixth title.<\/p>\n\n\n\n<h2 class=\"wp-block-heading\">Mathieu is No 1 favorite!<\/h2>\n\n\n\n<p>&#8220;The top favorite has never been so clear,&#8221; wrote the Dutch cycling portal Wielerflits in its preview of the men&#8217;s championship. Cross expert Jens Schwedler agrees, &#8220;It&#8217;s a very fast course in Tabor that clearly favors the pros with big engines \u2013 and of course, Mathieu van der Poel is the first to be mentioned.&#8221; &#8220;The course is laid out in a round manner and thus takes away as little speed from the riders as possible,&#8221; Schwedler continued.<\/p>\n\n\n\n<figure class=\"wp-block-gallery has-nested-images columns-default is-cropped wp-block-gallery-2 is-layout-flex wp-block-gallery-is-layout-flex\">\n<figure data-wp-context=\"{&quot;imageId&quot;:&quot;69f2e2e0889d6&quot;}\" data-wp-interactive=\"core\/image\" data-wp-key=\"69f2e2e0889d6\" class=\"wp-block-image size-large is-style-default wp-lightbox-container\"><img decoding=\"async\" width=\"1024\" height=\"683\" data-wp-class--hide=\"state.isContentHidden\" data-wp-class--show=\"state.isContentVisible\" data-wp-init=\"callbacks.setButtonStyles\" data-wp-on--click=\"actions.showLightbox\" data-wp-on--load=\"callbacks.setButtonStyles\" data-wp-on-window--resize=\"callbacks.setButtonStyles\" data-id=\"99203\" src=\"https:\/\/www.alpecincycling.com\/app\/uploads\/2023\/12\/Alpecin-Zilvermeer__fellusch__share-4724-1024x683.jpg\" alt=\"\" class=\"wp-image-99203\" srcset=\"https:\/\/www.alpecincycling.com\/app\/uploads\/2023\/12\/Alpecin-Zilvermeer__fellusch__share-4724-1024x683.jpg 1024w, https:\/\/www.alpecincycling.com\/app\/uploads\/2023\/12\/Alpecin-Zilvermeer__fellusch__share-4724-300x200.jpg 300w, https:\/\/www.alpecincycling.com\/app\/uploads\/2023\/12\/Alpecin-Zilvermeer__fellusch__share-4724-768x512.jpg 768w, https:\/\/www.alpecincycling.com\/app\/uploads\/2023\/12\/Alpecin-Zilvermeer__fellusch__share-4724-1536x1024.jpg 1536w, https:\/\/www.alpecincycling.com\/app\/uploads\/2023\/12\/Alpecin-Zilvermeer__fellusch__share-4724-2048x1365.jpg 2048w, https:\/\/www.alpecincycling.com\/app\/uploads\/2023\/12\/Alpecin-Zilvermeer__fellusch__share-4724-1920x1280.jpg 1920w, https:\/\/www.alpecincycling.com\/app\/uploads\/2023\/12\/Alpecin-Zilvermeer__fellusch__share-4724-1500x1000.jpg 1500w, https:\/\/www.alpecincycling.com\/app\/uploads\/2023\/12\/Alpecin-Zilvermeer__fellusch__share-4724-1060x707.jpg 1060w, https:\/\/www.alpecincycling.com\/app\/uploads\/2023\/12\/Alpecin-Zilvermeer__fellusch__share-4724-700x467.jpg 700w, https:\/\/www.alpecincycling.com\/app\/uploads\/2023\/12\/Alpecin-Zilvermeer__fellusch__share-4724-325x217.jpg 325w\" sizes=\"(max-width: 1024px) 100vw, 1024px\" \/><button\n\t\t\tclass=\"lightbox-trigger\"\n\t\t\ttype=\"button\"\n\t\t\taria-haspopup=\"dialog\"\n\t\t\taria-label=\"Enlarge\"\n\t\t\tdata-wp-init=\"callbacks.initTriggerButton\"\n\t\t\tdata-wp-on--click=\"actions.showLightbox\"\n\t\t\tdata-wp-style--right=\"state.imageButtonRight\"\n\t\t\tdata-wp-style--top=\"state.imageButtonTop\"\n\t\t>\n\t\t\t<svg xmlns=\"http:\/\/www.w3.org\/2000\/svg\" width=\"12\" height=\"12\" fill=\"none\" viewBox=\"0 0 12 12\">\n\t\t\t\t<path fill=\"#fff\" d=\"M2 0a2 2 0 0 0-2 2v2h1.5V2a.5.5 0 0 1 .5-.5h2V0H2Zm2 10.5H2a.5.5 0 0 1-.5-.5V8H0v2a2 2 0 0 0 2 2h2v-1.5ZM8 12v-1.5h2a.5.5 0 0 0 .5-.5V8H12v2a2 2 0 0 1-2 2H8Zm2-12a2 2 0 0 1 2 2v2h-1.5V2a.5.5 0 0 0-.5-.5H8V0h2Z\" \/>\n\t\t\t<\/svg>\n\t\t<\/button><figcaption class=\"wp-element-caption\">\u00a9 Felix Homann<\/figcaption><\/figure>\n<\/figure>\n\n\n\n<p>&#8220;In the Netherlands and especially in Belgium, the courses are much more technical and demand greater riding skills. In Tabor, the physical component is much larger,&#8221; says Schwedler, who won countless German cyclocross championships in both elite and masters categories and became a four-time world champion in the masters. &#8220;In that respect, the Czechs are similar to us Germans. We also prefer the power courses,&#8221; he says with a smile.<\/p>\n\n\n\n<p>During his active career, Schwedler&#8217;s best result in Tabor was 24th place in the World Cup. However, he did witness Mathieu van der Poel&#8217;s very first elite world championship title there in 2015, as the Dutchman was riding on the Stevens bike brand, Schwedler&#8217;s employer at the time.<\/p>\n\n\n\n<p>&#8220;The decisive factor between van der Poel and van Aert back then was the riding over the hurdles,&#8221; says Schwedler. They are technically more difficult to ride or jump here than elsewhere because they are set on a slight incline and the course continues uphill afterwards.<\/p>\n\n\n\n<p>&#8220;You have to carry the momentum. That naturally suits a rider with technical skills like Mathieu. But Michael Vanthourenhout can do it too,&#8221; Schwedler adds.<\/p>\n\n\n\n<h2 class=\"wp-block-heading\">Fast parcours in Tabor<\/h2>\n\n\n\n<p>&#8220;Due to the many long straights, Tabor is a course that favors road riders who can produce a lot of power,&#8221; says Schwedler. But apart from Mathieu, only Joris Nieuwenhuis, who has competed in three Grand Tours, and Zden\u011bk \u0160tybar are comparable as road riders. \u0160tybar, the world champion of 2010 on this course, will be racing his farewell race in Tabor and has only outsider chances for a top placement.<\/p>\n\n\n\n<figure class=\"wp-block-gallery has-nested-images columns-default is-cropped wp-block-gallery-3 is-layout-flex wp-block-gallery-is-layout-flex\">\n<figure data-wp-context=\"{&quot;imageId&quot;:&quot;69f2e2e0897b0&quot;}\" data-wp-interactive=\"core\/image\" data-wp-key=\"69f2e2e0897b0\" class=\"wp-block-image size-large is-style-default wp-lightbox-container\"><img decoding=\"async\" width=\"1024\" height=\"682\" data-wp-class--hide=\"state.isContentHidden\" data-wp-class--show=\"state.isContentVisible\" data-wp-init=\"callbacks.setButtonStyles\" data-wp-on--click=\"actions.showLightbox\" data-wp-on--load=\"callbacks.setButtonStyles\" data-wp-on-window--resize=\"callbacks.setButtonStyles\" data-id=\"99619\" src=\"https:\/\/www.alpecincycling.com\/app\/uploads\/2024\/01\/PHOTONEWS_11000531-007-1024x682.jpg\" alt=\"\" class=\"wp-image-99619\" srcset=\"https:\/\/www.alpecincycling.com\/app\/uploads\/2024\/01\/PHOTONEWS_11000531-007-1024x682.jpg 1024w, https:\/\/www.alpecincycling.com\/app\/uploads\/2024\/01\/PHOTONEWS_11000531-007-300x200.jpg 300w, https:\/\/www.alpecincycling.com\/app\/uploads\/2024\/01\/PHOTONEWS_11000531-007-768x512.jpg 768w, https:\/\/www.alpecincycling.com\/app\/uploads\/2024\/01\/PHOTONEWS_11000531-007-1536x1024.jpg 1536w, https:\/\/www.alpecincycling.com\/app\/uploads\/2024\/01\/PHOTONEWS_11000531-007-2048x1365.jpg 2048w, https:\/\/www.alpecincycling.com\/app\/uploads\/2024\/01\/PHOTONEWS_11000531-007-1920x1279.jpg 1920w, https:\/\/www.alpecincycling.com\/app\/uploads\/2024\/01\/PHOTONEWS_11000531-007-1500x1000.jpg 1500w, https:\/\/www.alpecincycling.com\/app\/uploads\/2024\/01\/PHOTONEWS_11000531-007-1060x706.jpg 1060w, https:\/\/www.alpecincycling.com\/app\/uploads\/2024\/01\/PHOTONEWS_11000531-007-700x466.jpg 700w, https:\/\/www.alpecincycling.com\/app\/uploads\/2024\/01\/PHOTONEWS_11000531-007-325x217.jpg 325w\" sizes=\"(max-width: 1024px) 100vw, 1024px\" \/><button\n\t\t\tclass=\"lightbox-trigger\"\n\t\t\ttype=\"button\"\n\t\t\taria-haspopup=\"dialog\"\n\t\t\taria-label=\"Enlarge\"\n\t\t\tdata-wp-init=\"callbacks.initTriggerButton\"\n\t\t\tdata-wp-on--click=\"actions.showLightbox\"\n\t\t\tdata-wp-style--right=\"state.imageButtonRight\"\n\t\t\tdata-wp-style--top=\"state.imageButtonTop\"\n\t\t>\n\t\t\t<svg xmlns=\"http:\/\/www.w3.org\/2000\/svg\" width=\"12\" height=\"12\" fill=\"none\" viewBox=\"0 0 12 12\">\n\t\t\t\t<path fill=\"#fff\" d=\"M2 0a2 2 0 0 0-2 2v2h1.5V2a.5.5 0 0 1 .5-.5h2V0H2Zm2 10.5H2a.5.5 0 0 1-.5-.5V8H0v2a2 2 0 0 0 2 2h2v-1.5ZM8 12v-1.5h2a.5.5 0 0 0 .5-.5V8H12v2a2 2 0 0 1-2 2H8Zm2-12a2 2 0 0 1 2 2v2h-1.5V2a.5.5 0 0 0-.5-.5H8V0h2Z\" \/>\n\t\t\t<\/svg>\n\t\t<\/button><figcaption class=\"wp-element-caption\">\u00a9 Photonews<\/figcaption><\/figure>\n<\/figure>\n\n\n\n<p>If it&#8217;s dry, the course will be even faster than it already is. &#8220;It could get interesting if it freezes at night, then warms up during the day, so that there is deep mud in some places and the racing line changes over the course of the race. That&#8217;s then the biggest challenge for the riders, having to reorient themselves during the race,&#8221; says Schwedler.<\/p>\n\n\n\n<p>But no matter how you look at it \u2013 it seems unlikely that anyone will get past Mathieu van der Poel here. He has prepared very precisely for these championships. The race in Hoogerheide can&#8217;t necessarily be seen as a benchmark, since he rode it tired at the end of a larger training block and also started in Hamme the day before.<\/p>\n\n\n\n<p>Schwedler believes that van der Poel could launch his attacks after the stairs: &#8220;They only have about ten steps, but it goes uphill right after. That&#8217;s where he can make the difference.&#8221;<\/p>\n\n\n\n<p>The fight for second place will be all the more exciting. &#8220;I was really impressed by Michael Vanthourenhout&#8217;s performance in Benidorm. He won a race in Belgium the day before and then got on a plane to Spain in the morning. You have to be very focused for that,&#8221; says Schwedler. &#8220;Someone else who can prepare well for a single event is Lars van der Haar,&#8221; says Schwedler.<\/p>\n\n\n\n<p>The Dutchman, by the way, finished third at the World Championships in Tabor in 2015, behind van der Poel and van Aert. Vanthourenhout and van der Haar will be fighting for the podium places against Thibau Nys, Eli Iserbyt, Joris Nieuwenhuis, and Pim Ronhaar.<\/p>\n\n\n\n<h2 class=\"wp-block-heading\">Mathieus first CX-title in Tabor <\/h2>\n\n\n<div class=\"oembed-consent-placeholder\" data-block-content=\"\n&lt;figure class=&quot;wp-block-embed is-type-video is-provider-youtube wp-block-embed-youtube wp-embed-aspect-16-9 wp-has-aspect-ratio&quot;&gt;&lt;div class=&quot;wp-block-embed__wrapper&quot;&gt;\n&lt;iframe title=&quot;FULL REPLAY | Elite Men\u2019s Race | 2015 UCI Cyclo-cross World Championships - T\u00e1bor, Czech Republic&quot; width=&quot;500&quot; height=&quot;281&quot; src=&quot;https:\/\/www.youtube.com\/embed\/5TFhUHwQg8g?feature=oembed&quot; frameborder=&quot;0&quot; allow=&quot;accelerometer; autoplay; clipboard-write; encrypted-media; gyroscope; picture-in-picture; web-share&quot; referrerpolicy=&quot;strict-origin-when-cross-origin&quot; allowfullscreen&gt;&lt;\/iframe&gt;\n&lt;\/div&gt;&lt;\/figure&gt;\n\">You are currently viewing placeholder content.<br> To access the actual content, adjust your Cookie Consent settings and reload the page.<br> Please note that this will share data with third parties.<\/div>\n\n\n<h2 class=\"wp-block-heading\">Open race in the womens category<\/h2>\n\n\n\n<p>While the men battle for the rainbow jersey on Sunday, the women will have their turn on Saturday. And the race could be more competitive, as the course, as already described, is not too technical.<\/p>\n\n\n\n<p>&#8220;On a classic cyclocross course, it would come down to a duel between Fem van Empel and Puck Pieterse,&#8221; believes Jens Schwedler. &#8220;However, since the course also favors the female powerhouses, Lucinda Brand could be in the mix for the podium,&#8221; Schwedler continues.<\/p>\n\n\n\n<p>The young Hungarian Kata Blanka Vas has also shown rising form recently, having started the cross season late. &#8220;The later you start, the fresher you are \u2013 mentally as well. Moreover, the many races in the cold and wet conditions this year have already taken a toll on the riders&#8217; substance,&#8221; says Schwedler.<\/p>\n\n\n\n<p>Only outsider chances are given to the 2020 world champion, Ceylin del Carmen Alvarado. She feels more comfortable on more technical courses.<\/p>\n","protected":false},"excerpt":{"rendered":"<p>Mathieu van der Poel, who claimed his first elite world champion title in Tabor in 2015, will come back to fight for the CX World Champion title.<\/p>\n","protected":false},"author":4,"featured_media":99621,"comment_status":"closed","ping_status":"closed","sticky":false,"template":"","format":"standard","meta":{"_acf_changed":false,"footnotes":""},"categories":[93],"tags":[],"class_list":["post-99662","post","type-post","status-publish","format-standard","has-post-thumbnail","hentry","category-pro-peloton"],"acf":[],"yoast_head":"<!-- This site is optimized with the Yoast SEO Premium plugin v27.3 (Yoast SEO v27.3) - https:\/\/yoast.com\/product\/yoast-seo-premium-wordpress\/ -->\n<title>Preview Cyclocross World Championships 2024 Tabor - Alpecin Cycling<\/title>\n<meta name=\"description\" content=\"Tabor will held the CX-Worldchmpionships 2024 and Mathieu van der Poel will be the top-favorite on the World champion title.\" \/>\n<meta name=\"robots\" content=\"index, follow, max-snippet:-1, max-image-preview:large, max-video-preview:-1\" \/>\n<link rel=\"canonical\" href=\"https:\/\/www.alpecincycling.com\/en\/pro-peloton\/preview-cx-world-championships-2024-tabor\/\" \/>\n<meta property=\"og:locale\" content=\"en_US\" \/>\n<meta property=\"og:type\" content=\"article\" \/>\n<meta property=\"og:title\" content=\"Preview Cyclocross World Championships 2024 Tabor\" \/>\n<meta property=\"og:description\" content=\"Tabor will held the CX-Worldchmpionships 2024 and Mathieu van der Poel will be the top-favorite on the World champion title.\" \/>\n<meta property=\"og:url\" content=\"https:\/\/www.alpecincycling.com\/en\/pro-peloton\/preview-cx-world-championships-2024-tabor\/\" \/>\n<meta property=\"og:site_name\" content=\"Alpecin Cycling\" \/>\n<meta property=\"article:publisher\" content=\"https:\/\/facebook.com\/alpecincycling\" \/>\n<meta property=\"article:published_time\" content=\"2024-02-01T10:53:33+00:00\" \/>\n<meta property=\"article:modified_time\" content=\"2024-02-02T13:51:16+00:00\" \/>\n<meta property=\"og:image\" content=\"https:\/\/www.alpecincycling.com\/app\/uploads\/2024\/01\/PHOTONEWS_10840107-016-scaled.jpg\" \/>\n\t<meta property=\"og:image:width\" content=\"2560\" \/>\n\t<meta property=\"og:image:height\" content=\"1706\" \/>\n\t<meta property=\"og:image:type\" content=\"image\/jpeg\" \/>\n<meta name=\"author\" content=\"Steffen\" \/>\n<meta name=\"twitter:card\" content=\"summary_large_image\" \/>\n<meta name=\"twitter:creator\" content=\"@alpecincycling\" \/>\n<meta name=\"twitter:site\" content=\"@alpecincycling\" \/>\n<meta name=\"twitter:label1\" content=\"Written by\" \/>\n\t<meta name=\"twitter:data1\" content=\"Steffen\" \/>\n\t<meta name=\"twitter:label2\" content=\"Est. reading time\" \/>\n\t<meta name=\"twitter:data2\" content=\"6 minutes\" \/>\n<script type=\"application\/ld+json\" class=\"yoast-schema-graph\">{\"@context\":\"https:\\\/\\\/schema.org\",\"@graph\":[{\"@type\":\"Article\",\"@id\":\"https:\\\/\\\/www.alpecincycling.com\\\/en\\\/pro-peloton\\\/preview-cx-world-championships-2024-tabor\\\/#article\",\"isPartOf\":{\"@id\":\"https:\\\/\\\/www.alpecincycling.com\\\/en\\\/pro-peloton\\\/preview-cx-world-championships-2024-tabor\\\/\"},\"author\":{\"name\":\"Steffen\",\"@id\":\"https:\\\/\\\/www.alpecincycling.com\\\/en\\\/#\\\/schema\\\/person\\\/9ea85f043a832826d7bf54b693eb7809\"},\"headline\":\"Preview Cyclocross World Championships 2024 Tabor\",\"datePublished\":\"2024-02-01T10:53:33+00:00\",\"dateModified\":\"2024-02-02T13:51:16+00:00\",\"mainEntityOfPage\":{\"@id\":\"https:\\\/\\\/www.alpecincycling.com\\\/en\\\/pro-peloton\\\/preview-cx-world-championships-2024-tabor\\\/\"},\"wordCount\":884,\"publisher\":{\"@id\":\"https:\\\/\\\/www.alpecincycling.com\\\/en\\\/#organization\"},\"image\":{\"@id\":\"https:\\\/\\\/www.alpecincycling.com\\\/en\\\/pro-peloton\\\/preview-cx-world-championships-2024-tabor\\\/#primaryimage\"},\"thumbnailUrl\":\"https:\\\/\\\/www.alpecincycling.com\\\/app\\\/uploads\\\/2024\\\/01\\\/PHOTONEWS_10840107-016-scaled.jpg\",\"articleSection\":[\"Pro Peloton\"],\"inLanguage\":\"en-US\"},{\"@type\":\"WebPage\",\"@id\":\"https:\\\/\\\/www.alpecincycling.com\\\/en\\\/pro-peloton\\\/preview-cx-world-championships-2024-tabor\\\/\",\"url\":\"https:\\\/\\\/www.alpecincycling.com\\\/en\\\/pro-peloton\\\/preview-cx-world-championships-2024-tabor\\\/\",\"name\":\"Preview Cyclocross World Championships 2024 Tabor - Alpecin Cycling\",\"isPartOf\":{\"@id\":\"https:\\\/\\\/www.alpecincycling.com\\\/en\\\/#website\"},\"primaryImageOfPage\":{\"@id\":\"https:\\\/\\\/www.alpecincycling.com\\\/en\\\/pro-peloton\\\/preview-cx-world-championships-2024-tabor\\\/#primaryimage\"},\"image\":{\"@id\":\"https:\\\/\\\/www.alpecincycling.com\\\/en\\\/pro-peloton\\\/preview-cx-world-championships-2024-tabor\\\/#primaryimage\"},\"thumbnailUrl\":\"https:\\\/\\\/www.alpecincycling.com\\\/app\\\/uploads\\\/2024\\\/01\\\/PHOTONEWS_10840107-016-scaled.jpg\",\"datePublished\":\"2024-02-01T10:53:33+00:00\",\"dateModified\":\"2024-02-02T13:51:16+00:00\",\"description\":\"Tabor will held the CX-Worldchmpionships 2024 and Mathieu van der Poel will be the top-favorite on the World champion title.\",\"breadcrumb\":{\"@id\":\"https:\\\/\\\/www.alpecincycling.com\\\/en\\\/pro-peloton\\\/preview-cx-world-championships-2024-tabor\\\/#breadcrumb\"},\"inLanguage\":\"en-US\",\"potentialAction\":[{\"@type\":\"ReadAction\",\"target\":[\"https:\\\/\\\/www.alpecincycling.com\\\/en\\\/pro-peloton\\\/preview-cx-world-championships-2024-tabor\\\/\"]}]},{\"@type\":\"ImageObject\",\"inLanguage\":\"en-US\",\"@id\":\"https:\\\/\\\/www.alpecincycling.com\\\/en\\\/pro-peloton\\\/preview-cx-world-championships-2024-tabor\\\/#primaryimage\",\"url\":\"https:\\\/\\\/www.alpecincycling.com\\\/app\\\/uploads\\\/2024\\\/01\\\/PHOTONEWS_10840107-016-scaled.jpg\",\"contentUrl\":\"https:\\\/\\\/www.alpecincycling.com\\\/app\\\/uploads\\\/2024\\\/01\\\/PHOTONEWS_10840107-016-scaled.jpg\",\"width\":2560,\"height\":1706,\"caption\":\"Tabor - Czech Republic - wielrennen - cycling - cyclisme - radsport - Mathieu Van Der Poel (Netherlands \\\/ Team Corendon - Circus) pictured during Worldcup Cyclocross in Tabor - Men Elite- photo Marketa Navratilova\\\/Cor Vos \u00a9 2019 \u00a9 Photo News ! only BELGIUM !\"},{\"@type\":\"BreadcrumbList\",\"@id\":\"https:\\\/\\\/www.alpecincycling.com\\\/en\\\/pro-peloton\\\/preview-cx-world-championships-2024-tabor\\\/#breadcrumb\",\"itemListElement\":[{\"@type\":\"ListItem\",\"position\":1,\"name\":\"Home\",\"item\":\"https:\\\/\\\/www.alpecincycling.com\\\/en\\\/\"},{\"@type\":\"ListItem\",\"position\":2,\"name\":\"Pro Peloton\",\"item\":\"https:\\\/\\\/www.alpecincycling.com\\\/en\\\/t\\\/pro-peloton\\\/\"},{\"@type\":\"ListItem\",\"position\":3,\"name\":\"Preview Cyclocross World Championships 2024 Tabor\"}]},{\"@type\":\"WebSite\",\"@id\":\"https:\\\/\\\/www.alpecincycling.com\\\/en\\\/#website\",\"url\":\"https:\\\/\\\/www.alpecincycling.com\\\/en\\\/\",\"name\":\"Alpecin Cycling\",\"description\":\"\",\"publisher\":{\"@id\":\"https:\\\/\\\/www.alpecincycling.com\\\/en\\\/#organization\"},\"potentialAction\":[{\"@type\":\"SearchAction\",\"target\":{\"@type\":\"EntryPoint\",\"urlTemplate\":\"https:\\\/\\\/www.alpecincycling.com\\\/en\\\/?s={search_term_string}\"},\"query-input\":{\"@type\":\"PropertyValueSpecification\",\"valueRequired\":true,\"valueName\":\"search_term_string\"}}],\"inLanguage\":\"en-US\"},{\"@type\":\"Organization\",\"@id\":\"https:\\\/\\\/www.alpecincycling.com\\\/en\\\/#organization\",\"name\":\"DR. KURT WOLFF GMBH & CO. KG\",\"alternateName\":\"DR. WOLFF\",\"url\":\"https:\\\/\\\/www.alpecincycling.com\\\/en\\\/\",\"logo\":{\"@type\":\"ImageObject\",\"inLanguage\":\"en-US\",\"@id\":\"https:\\\/\\\/www.alpecincycling.com\\\/en\\\/#\\\/schema\\\/logo\\\/image\\\/\",\"url\":\"https:\\\/\\\/www.alpecincycling.com\\\/app\\\/uploads\\\/2025\\\/03\\\/Dr-Wolff.svg\",\"contentUrl\":\"https:\\\/\\\/www.alpecincycling.com\\\/app\\\/uploads\\\/2025\\\/03\\\/Dr-Wolff.svg\",\"width\":1,\"height\":1,\"caption\":\"DR. KURT WOLFF GMBH & CO. KG\"},\"image\":{\"@id\":\"https:\\\/\\\/www.alpecincycling.com\\\/en\\\/#\\\/schema\\\/logo\\\/image\\\/\"},\"sameAs\":[\"https:\\\/\\\/facebook.com\\\/alpecincycling\",\"https:\\\/\\\/x.com\\\/alpecincycling\",\"https:\\\/\\\/www.instagram.com\\\/alpecincycling\",\"https:\\\/\\\/www.youtube.com\\\/channel\\\/UCUydTS69Mm-fk6uu_porLmw\"],\"vatID\":\"DE 124002456\"},{\"@type\":\"Person\",\"@id\":\"https:\\\/\\\/www.alpecincycling.com\\\/en\\\/#\\\/schema\\\/person\\\/9ea85f043a832826d7bf54b693eb7809\",\"name\":\"Steffen\",\"image\":{\"@type\":\"ImageObject\",\"inLanguage\":\"en-US\",\"@id\":\"https:\\\/\\\/secure.gravatar.com\\\/avatar\\\/010c64c1255f35151870e3ac8ca5c16108d7eb8b6db01651b2c3bb06ee54498a?s=96&d=mm&r=g\",\"url\":\"https:\\\/\\\/secure.gravatar.com\\\/avatar\\\/010c64c1255f35151870e3ac8ca5c16108d7eb8b6db01651b2c3bb06ee54498a?s=96&d=mm&r=g\",\"contentUrl\":\"https:\\\/\\\/secure.gravatar.com\\\/avatar\\\/010c64c1255f35151870e3ac8ca5c16108d7eb8b6db01651b2c3bb06ee54498a?s=96&d=mm&r=g\",\"caption\":\"Steffen\"},\"url\":\"https:\\\/\\\/www.alpecincycling.com\\\/en\\\/author\\\/steffen\\\/\"}]}<\/script>\n<!-- \/ Yoast SEO Premium plugin. -->","yoast_head_json":{"title":"Preview Cyclocross World Championships 2024 Tabor - Alpecin Cycling","description":"Tabor will held the CX-Worldchmpionships 2024 and Mathieu van der Poel will be the top-favorite on the World champion title.","robots":{"index":"index","follow":"follow","max-snippet":"max-snippet:-1","max-image-preview":"max-image-preview:large","max-video-preview":"max-video-preview:-1"},"canonical":"https:\/\/www.alpecincycling.com\/en\/pro-peloton\/preview-cx-world-championships-2024-tabor\/","og_locale":"en_US","og_type":"article","og_title":"Preview Cyclocross World Championships 2024 Tabor","og_description":"Tabor will held the CX-Worldchmpionships 2024 and Mathieu van der Poel will be the top-favorite on the World champion title.","og_url":"https:\/\/www.alpecincycling.com\/en\/pro-peloton\/preview-cx-world-championships-2024-tabor\/","og_site_name":"Alpecin Cycling","article_publisher":"https:\/\/facebook.com\/alpecincycling","article_published_time":"2024-02-01T10:53:33+00:00","article_modified_time":"2024-02-02T13:51:16+00:00","og_image":[{"width":2560,"height":1706,"url":"https:\/\/www.alpecincycling.com\/app\/uploads\/2024\/01\/PHOTONEWS_10840107-016-scaled.jpg","type":"image\/jpeg"}],"author":"Steffen","twitter_card":"summary_large_image","twitter_creator":"@alpecincycling","twitter_site":"@alpecincycling","twitter_misc":{"Written by":"Steffen","Est. reading time":"6 minutes"},"schema":{"@context":"https:\/\/schema.org","@graph":[{"@type":"Article","@id":"https:\/\/www.alpecincycling.com\/en\/pro-peloton\/preview-cx-world-championships-2024-tabor\/#article","isPartOf":{"@id":"https:\/\/www.alpecincycling.com\/en\/pro-peloton\/preview-cx-world-championships-2024-tabor\/"},"author":{"name":"Steffen","@id":"https:\/\/www.alpecincycling.com\/en\/#\/schema\/person\/9ea85f043a832826d7bf54b693eb7809"},"headline":"Preview Cyclocross World Championships 2024 Tabor","datePublished":"2024-02-01T10:53:33+00:00","dateModified":"2024-02-02T13:51:16+00:00","mainEntityOfPage":{"@id":"https:\/\/www.alpecincycling.com\/en\/pro-peloton\/preview-cx-world-championships-2024-tabor\/"},"wordCount":884,"publisher":{"@id":"https:\/\/www.alpecincycling.com\/en\/#organization"},"image":{"@id":"https:\/\/www.alpecincycling.com\/en\/pro-peloton\/preview-cx-world-championships-2024-tabor\/#primaryimage"},"thumbnailUrl":"https:\/\/www.alpecincycling.com\/app\/uploads\/2024\/01\/PHOTONEWS_10840107-016-scaled.jpg","articleSection":["Pro Peloton"],"inLanguage":"en-US"},{"@type":"WebPage","@id":"https:\/\/www.alpecincycling.com\/en\/pro-peloton\/preview-cx-world-championships-2024-tabor\/","url":"https:\/\/www.alpecincycling.com\/en\/pro-peloton\/preview-cx-world-championships-2024-tabor\/","name":"Preview Cyclocross World Championships 2024 Tabor - Alpecin Cycling","isPartOf":{"@id":"https:\/\/www.alpecincycling.com\/en\/#website"},"primaryImageOfPage":{"@id":"https:\/\/www.alpecincycling.com\/en\/pro-peloton\/preview-cx-world-championships-2024-tabor\/#primaryimage"},"image":{"@id":"https:\/\/www.alpecincycling.com\/en\/pro-peloton\/preview-cx-world-championships-2024-tabor\/#primaryimage"},"thumbnailUrl":"https:\/\/www.alpecincycling.com\/app\/uploads\/2024\/01\/PHOTONEWS_10840107-016-scaled.jpg","datePublished":"2024-02-01T10:53:33+00:00","dateModified":"2024-02-02T13:51:16+00:00","description":"Tabor will held the CX-Worldchmpionships 2024 and Mathieu van der Poel will be the top-favorite on the World champion title.","breadcrumb":{"@id":"https:\/\/www.alpecincycling.com\/en\/pro-peloton\/preview-cx-world-championships-2024-tabor\/#breadcrumb"},"inLanguage":"en-US","potentialAction":[{"@type":"ReadAction","target":["https:\/\/www.alpecincycling.com\/en\/pro-peloton\/preview-cx-world-championships-2024-tabor\/"]}]},{"@type":"ImageObject","inLanguage":"en-US","@id":"https:\/\/www.alpecincycling.com\/en\/pro-peloton\/preview-cx-world-championships-2024-tabor\/#primaryimage","url":"https:\/\/www.alpecincycling.com\/app\/uploads\/2024\/01\/PHOTONEWS_10840107-016-scaled.jpg","contentUrl":"https:\/\/www.alpecincycling.com\/app\/uploads\/2024\/01\/PHOTONEWS_10840107-016-scaled.jpg","width":2560,"height":1706,"caption":"Tabor - Czech Republic - wielrennen - cycling - cyclisme - radsport - Mathieu Van Der Poel (Netherlands \/ Team Corendon - Circus) pictured during Worldcup Cyclocross in Tabor - Men Elite- photo Marketa Navratilova\/Cor Vos \u00a9 2019 \u00a9 Photo News ! only BELGIUM !"},{"@type":"BreadcrumbList","@id":"https:\/\/www.alpecincycling.com\/en\/pro-peloton\/preview-cx-world-championships-2024-tabor\/#breadcrumb","itemListElement":[{"@type":"ListItem","position":1,"name":"Home","item":"https:\/\/www.alpecincycling.com\/en\/"},{"@type":"ListItem","position":2,"name":"Pro Peloton","item":"https:\/\/www.alpecincycling.com\/en\/t\/pro-peloton\/"},{"@type":"ListItem","position":3,"name":"Preview Cyclocross World Championships 2024 Tabor"}]},{"@type":"WebSite","@id":"https:\/\/www.alpecincycling.com\/en\/#website","url":"https:\/\/www.alpecincycling.com\/en\/","name":"Alpecin Cycling","description":"","publisher":{"@id":"https:\/\/www.alpecincycling.com\/en\/#organization"},"potentialAction":[{"@type":"SearchAction","target":{"@type":"EntryPoint","urlTemplate":"https:\/\/www.alpecincycling.com\/en\/?s={search_term_string}"},"query-input":{"@type":"PropertyValueSpecification","valueRequired":true,"valueName":"search_term_string"}}],"inLanguage":"en-US"},{"@type":"Organization","@id":"https:\/\/www.alpecincycling.com\/en\/#organization","name":"DR. KURT WOLFF GMBH & CO. KG","alternateName":"DR. WOLFF","url":"https:\/\/www.alpecincycling.com\/en\/","logo":{"@type":"ImageObject","inLanguage":"en-US","@id":"https:\/\/www.alpecincycling.com\/en\/#\/schema\/logo\/image\/","url":"https:\/\/www.alpecincycling.com\/app\/uploads\/2025\/03\/Dr-Wolff.svg","contentUrl":"https:\/\/www.alpecincycling.com\/app\/uploads\/2025\/03\/Dr-Wolff.svg","width":1,"height":1,"caption":"DR. KURT WOLFF GMBH & CO. KG"},"image":{"@id":"https:\/\/www.alpecincycling.com\/en\/#\/schema\/logo\/image\/"},"sameAs":["https:\/\/facebook.com\/alpecincycling","https:\/\/x.com\/alpecincycling","https:\/\/www.instagram.com\/alpecincycling","https:\/\/www.youtube.com\/channel\/UCUydTS69Mm-fk6uu_porLmw"],"vatID":"DE 124002456"},{"@type":"Person","@id":"https:\/\/www.alpecincycling.com\/en\/#\/schema\/person\/9ea85f043a832826d7bf54b693eb7809","name":"Steffen","image":{"@type":"ImageObject","inLanguage":"en-US","@id":"https:\/\/secure.gravatar.com\/avatar\/010c64c1255f35151870e3ac8ca5c16108d7eb8b6db01651b2c3bb06ee54498a?s=96&d=mm&r=g","url":"https:\/\/secure.gravatar.com\/avatar\/010c64c1255f35151870e3ac8ca5c16108d7eb8b6db01651b2c3bb06ee54498a?s=96&d=mm&r=g","contentUrl":"https:\/\/secure.gravatar.com\/avatar\/010c64c1255f35151870e3ac8ca5c16108d7eb8b6db01651b2c3bb06ee54498a?s=96&d=mm&r=g","caption":"Steffen"},"url":"https:\/\/www.alpecincycling.com\/en\/author\/steffen\/"}]}},"_links":{"self":[{"href":"https:\/\/www.alpecincycling.com\/en\/wp-json\/wp\/v2\/posts\/99662","targetHints":{"allow":["GET"]}}],"collection":[{"href":"https:\/\/www.alpecincycling.com\/en\/wp-json\/wp\/v2\/posts"}],"about":[{"href":"https:\/\/www.alpecincycling.com\/en\/wp-json\/wp\/v2\/types\/post"}],"author":[{"embeddable":true,"href":"https:\/\/www.alpecincycling.com\/en\/wp-json\/wp\/v2\/users\/4"}],"replies":[{"embeddable":true,"href":"https:\/\/www.alpecincycling.com\/en\/wp-json\/wp\/v2\/comments?post=99662"}],"version-history":[{"count":4,"href":"https:\/\/www.alpecincycling.com\/en\/wp-json\/wp\/v2\/posts\/99662\/revisions"}],"predecessor-version":[{"id":99670,"href":"https:\/\/www.alpecincycling.com\/en\/wp-json\/wp\/v2\/posts\/99662\/revisions\/99670"}],"wp:featuredmedia":[{"embeddable":true,"href":"https:\/\/www.alpecincycling.com\/en\/wp-json\/wp\/v2\/media\/99621"}],"wp:attachment":[{"href":"https:\/\/www.alpecincycling.com\/en\/wp-json\/wp\/v2\/media?parent=99662"}],"wp:term":[{"taxonomy":"category","embeddable":true,"href":"https:\/\/www.alpecincycling.com\/en\/wp-json\/wp\/v2\/categories?post=99662"},{"taxonomy":"post_tag","embeddable":true,"href":"https:\/\/www.alpecincycling.com\/en\/wp-json\/wp\/v2\/tags?post=99662"}],"curies":[{"name":"wp","href":"https:\/\/api.w.org\/{rel}","templated":true}]}}