{"id":105922,"date":"2024-10-31T11:48:46","date_gmt":"2024-10-31T10:48:46","guid":{"rendered":"https:\/\/www.alpecincycling.com\/?p=105922"},"modified":"2024-11-26T15:35:49","modified_gmt":"2024-11-26T14:35:49","slug":"cyclosportive-events-marathon-alps","status":"publish","type":"post","link":"https:\/\/www.alpecincycling.com\/en\/events\/cyclosportive-events-marathon-alps\/","title":{"rendered":"Cylcosportive Events 2025: The Most Beautiful Marathons in the Alps"},"content":{"rendered":"\n<p><strong>Looking for &#8220;the&#8221; challenge for 2025? Why not start with an bike marathon in the alps! Cross some of Europe&#8217;s highest and most legendary passes, ride through high alpine landscapes, and surpass your limits! <\/strong><\/p>\n\n\n\n<p>More and more road cyclists are drawn to this physically and mentally demanding type of mountain and valley ride. Here are the most beautiful road cycling marathons in the Alps.<\/p>\n\n\n\n<h2 class=\"wp-block-heading\">Granfondo Stelvio Santini<\/h2>\n\n\n\n<figure data-wp-context=\"{&quot;imageId&quot;:&quot;69ec63467010a&quot;}\" data-wp-interactive=\"core\/image\" data-wp-key=\"69ec63467010a\" class=\"wp-block-image size-full wp-lightbox-container\"><img decoding=\"async\" width=\"1024\" height=\"576\" data-wp-class--hide=\"state.isContentHidden\" data-wp-class--show=\"state.isContentVisible\" data-wp-init=\"callbacks.setButtonStyles\" data-wp-on--click=\"actions.showLightbox\" data-wp-on--load=\"callbacks.setButtonStyles\" data-wp-on-window--resize=\"callbacks.setButtonStyles\" src=\"https:\/\/www.alpecincycling.com\/app\/uploads\/2024\/10\/Tour-de-Friends-Stelvio-2019-Alpecin-Nora-1024x768-1-edited.jpg\" alt=\"\" class=\"wp-image-105915\" srcset=\"https:\/\/www.alpecincycling.com\/app\/uploads\/2024\/10\/Tour-de-Friends-Stelvio-2019-Alpecin-Nora-1024x768-1-edited.jpg 1024w, https:\/\/www.alpecincycling.com\/app\/uploads\/2024\/10\/Tour-de-Friends-Stelvio-2019-Alpecin-Nora-1024x768-1-edited-300x169.jpg 300w, https:\/\/www.alpecincycling.com\/app\/uploads\/2024\/10\/Tour-de-Friends-Stelvio-2019-Alpecin-Nora-1024x768-1-edited-768x432.jpg 768w\" sizes=\"(max-width: 1024px) 100vw, 1024px\" \/><button\n\t\t\tclass=\"lightbox-trigger\"\n\t\t\ttype=\"button\"\n\t\t\taria-haspopup=\"dialog\"\n\t\t\taria-label=\"Enlarge\"\n\t\t\tdata-wp-init=\"callbacks.initTriggerButton\"\n\t\t\tdata-wp-on--click=\"actions.showLightbox\"\n\t\t\tdata-wp-style--right=\"state.imageButtonRight\"\n\t\t\tdata-wp-style--top=\"state.imageButtonTop\"\n\t\t>\n\t\t\t<svg xmlns=\"http:\/\/www.w3.org\/2000\/svg\" width=\"12\" height=\"12\" fill=\"none\" viewBox=\"0 0 12 12\">\n\t\t\t\t<path fill=\"#fff\" d=\"M2 0a2 2 0 0 0-2 2v2h1.5V2a.5.5 0 0 1 .5-.5h2V0H2Zm2 10.5H2a.5.5 0 0 1-.5-.5V8H0v2a2 2 0 0 0 2 2h2v-1.5ZM8 12v-1.5h2a.5.5 0 0 0 .5-.5V8H12v2a2 2 0 0 1-2 2H8Zm2-12a2 2 0 0 1 2 2v2h-1.5V2a.5.5 0 0 0-.5-.5H8V0h2Z\" \/>\n\t\t\t<\/svg>\n\t\t<\/button><\/figure>\n\n\n\n\n\n<p>The Stelvio Pass is a must-ride for many cyclists. Climbing those countless hairpin bends to reach the summit at 2,757 meters is a dream come true. Fun fact: No other paved road in Italy goes higher to a pass. If you want to tackle this as part of a cycling marathon or Gran Fondo, the Granfondo Stelvio Santini is your chance \u2013 no matter which of the three routes you pick.<\/p>\n\n\n\n<p>If the Stelvio alone isn\u2019t tough enough for you, or if you want an extra challenge, go for the 130-kilometer long-distance route. This one also takes you over the Mortirolo Pass. While it\u2019s not as high as the Stelvio at 1,850 meters, the steep sections of this former military road are no joke. It\u2019s no surprise that the Giro d\u2019Italia has made several stops here.<\/p>\n\n\n\n<div class=\"wp-block-buttons is-content-justification-center is-layout-flex wp-container-core-buttons-is-layout-a89b3969 wp-block-buttons-is-layout-flex\">\n<div class=\"wp-block-button\"><a class=\"wp-block-button__link has-vivid-red-background-color has-background wp-element-button\" href=\"https:\/\/www.granfondostelviosantini.com\/?lang=en\" target=\"_blank\" rel=\"noreferrer noopener\">More Info<\/a><\/div>\n<\/div>\n\n\n\n<h2 class=\"wp-block-heading\">Dolomiten Radrundfahrt &amp; Super Giro Dolomiti<\/h2>\n\n\n\n\n\n<p>The Dolomiten Radrundfahrt is known as Austria&#8217;s oldest cycling marathon. For over 70 years, this race has taken cyclists on a loop around Lienz. The 112-kilometer route features climbs like Gailberg and Kartitsch Saddle, but the stunning views of the Lienz Dolomites make it all worthwhile. Since 2014, there&#8217;s been an added challenge for avid climbers \u2013 the Super Giro Dolomiti.<\/p>\n\n\n\n<p>This route heads into Italy, crossing the border at the Pl\u00f6cken Pass in the Carnic Alps and tackling the mighty Monte Zoncolan. This mountain is notorious among cyclists for its steep and irregular gradients, making it one of the toughest climbs in Europe. No wonder even the pros find it daunting!<\/p>\n\n\n\n<div class=\"wp-block-buttons is-content-justification-center is-layout-flex wp-container-core-buttons-is-layout-a89b3969 wp-block-buttons-is-layout-flex\">\n<div class=\"wp-block-button\"><a class=\"wp-block-button__link has-vivid-red-background-color has-background wp-element-button\" href=\"http:\/\/www.dolomitensport.at\/?_sp=550e5e6f-83a4-4f84-9419-6fd0952c2139.1730367778442\" target=\"_blank\" rel=\"noreferrer noopener\">More Info<\/a><\/div>\n<\/div>\n\n\n\n<h2 class=\"wp-block-heading\">Sportful Dolomiti Race<\/h2>\n\n\n\n<figure data-wp-context=\"{&quot;imageId&quot;:&quot;69ec63467095d&quot;}\" data-wp-interactive=\"core\/image\" data-wp-key=\"69ec63467095d\" class=\"wp-block-image size-large wp-lightbox-container\"><img decoding=\"async\" width=\"2560\" height=\"1439\" data-wp-class--hide=\"state.isContentHidden\" data-wp-class--show=\"state.isContentVisible\" data-wp-init=\"callbacks.setButtonStyles\" data-wp-on--click=\"actions.showLightbox\" data-wp-on--load=\"callbacks.setButtonStyles\" data-wp-on-window--resize=\"callbacks.setButtonStyles\" src=\"https:\/\/www.alpecincycling.com\/app\/uploads\/2024\/10\/Giro-delle-Dolomiti_2-edited-scaled.jpeg\" alt=\"\" class=\"wp-image-105911\" srcset=\"https:\/\/www.alpecincycling.com\/app\/uploads\/2024\/10\/Giro-delle-Dolomiti_2-edited-scaled.jpeg 2560w, https:\/\/www.alpecincycling.com\/app\/uploads\/2024\/10\/Giro-delle-Dolomiti_2-edited-300x169.jpeg 300w, https:\/\/www.alpecincycling.com\/app\/uploads\/2024\/10\/Giro-delle-Dolomiti_2-edited-1024x576.jpeg 1024w, https:\/\/www.alpecincycling.com\/app\/uploads\/2024\/10\/Giro-delle-Dolomiti_2-edited-768x432.jpeg 768w, https:\/\/www.alpecincycling.com\/app\/uploads\/2024\/10\/Giro-delle-Dolomiti_2-edited-1536x864.jpeg 1536w, https:\/\/www.alpecincycling.com\/app\/uploads\/2024\/10\/Giro-delle-Dolomiti_2-edited-2048x1151.jpeg 2048w\" sizes=\"(max-width: 2560px) 100vw, 2560px\" \/><button\n\t\t\tclass=\"lightbox-trigger\"\n\t\t\ttype=\"button\"\n\t\t\taria-haspopup=\"dialog\"\n\t\t\taria-label=\"Enlarge\"\n\t\t\tdata-wp-init=\"callbacks.initTriggerButton\"\n\t\t\tdata-wp-on--click=\"actions.showLightbox\"\n\t\t\tdata-wp-style--right=\"state.imageButtonRight\"\n\t\t\tdata-wp-style--top=\"state.imageButtonTop\"\n\t\t>\n\t\t\t<svg xmlns=\"http:\/\/www.w3.org\/2000\/svg\" width=\"12\" height=\"12\" fill=\"none\" viewBox=\"0 0 12 12\">\n\t\t\t\t<path fill=\"#fff\" d=\"M2 0a2 2 0 0 0-2 2v2h1.5V2a.5.5 0 0 1 .5-.5h2V0H2Zm2 10.5H2a.5.5 0 0 1-.5-.5V8H0v2a2 2 0 0 0 2 2h2v-1.5ZM8 12v-1.5h2a.5.5 0 0 0 .5-.5V8H12v2a2 2 0 0 1-2 2H8Zm2-12a2 2 0 0 1 2 2v2h-1.5V2a.5.5 0 0 0-.5-.5H8V0h2Z\" \/>\n\t\t\t<\/svg>\n\t\t<\/button><\/figure>\n\n\n\n\n\n<p>Following the path of the Giro d\u2019Italia, the Sportful Dolomiti Race challenges participants with what\u2019s claimed to be the toughest race in Europe. The 2025 event marks its 30th edition, and the organizers have updated the Granfondo, the long marathon route. After crossing Forcella Franche, riders will head through Taibon, Alleghe, and Caprile to tackle Forcella Staulanza first.<\/p>\n\n\n\n<p>After a quick descent, they\u2019ll climb from Dont to Passo Duran. Then, they\u2019ll return to Agordo and Voltago before taking on Forcella Aurine and Passo Cereda to kick off the final stretch. This final stretch includes Passo Croce d\u2019Aune, where a monument honors Tullio Campagnolo, the inventor of the quick-release skewer. The monument stands at Passo Croce d\u2019Aune before the route descends to the finish line in Feltre. Too tough? Then the Medio Fondo with its four climbs might be a better choice.<\/p>\n\n\n\n<div class=\"wp-block-buttons is-content-justification-center is-layout-flex wp-container-core-buttons-is-layout-a89b3969 wp-block-buttons-is-layout-flex\">\n<div class=\"wp-block-button\"><a class=\"wp-block-button__link has-vivid-red-background-color has-background wp-element-button\" href=\"https:\/\/www.sportfuldolomitirace.it\/en\/home\/?_sp=550e5e6f-83a4-4f84-9419-6fd0952c2139.1730367793528\" target=\"_blank\" rel=\"noreferrer noopener\">More Info<\/a><\/div>\n<\/div>\n\n\n\n<h2 class=\"wp-block-heading\">Dreil\u00e4ndergiro<\/h2>\n\n\n\n\n\n<p>The Dreil\u00e4ndergiro, which takes riders through Austria, Switzerland, and Italy, might sound easy with its Italian name, but it\u2019s a tough ride. There are three big climbs to tackle, and luckily, the hardest one comes first. Riders will face 48 hairpin bends before reaching the summit of the Stelvio Pass in Italy at 2,757 meters.<\/p>\n\n\n\n<p>After a descent from the Stelvio, the climbing kicks off again on the classic Engadin route, taking you over the Ofen Pass in Switzerland. From there, it\u2019s mostly downhill until the final six-kilometer climb to Norbertsh\u00f6he in Austria. Whether you opt for the Vinschgau loop or the Engadin loop, both routes feature the legendary Stelvio Pass climb with its iconic 48 hairpin turns.<\/p>\n\n\n\n<div class=\"wp-block-buttons is-content-justification-center is-layout-flex wp-container-core-buttons-is-layout-a89b3969 wp-block-buttons-is-layout-flex\">\n<div class=\"wp-block-button\"><a class=\"wp-block-button__link has-vivid-red-background-color has-background wp-element-button\" href=\"https:\/\/www.dreilaendergiro.at\/en\" target=\"_blank\" rel=\"noreferrer noopener\">More Info<\/a><\/div>\n<\/div>\n\n\n\n<h2 class=\"wp-block-heading\">La Marmotte<\/h2>\n\n\n\n\n\n<p>La Marmotte might sound cute, but this event is anything but! The route is like a queen stage of the Tour de France. Starting from Bourg d\u2019Oisans, riders will climb the Col du Glandon. After descending to Saint Michel de Maurienne, they\u2019ll face the tough combo of the Col du T\u00e9l\u00e9graphe and Col du Galibier \u2013 that\u2019s 2000 meters of climbing over 35 kilometers. After descending via the Col de Lautaret, they\u2019ll return to Bourg d\u2019Oisans and then tackle the 21 hairpin bends up to Alpe d\u2019Huez to finish. If that\u2019s not enough and you want to see more marmots in the mountains, there\u2019s a bonus this year: the Ultrafondo Marmotte Alps. This extended route goes over the Col de Sarenne and includes a second climb up to Alpe d\u2019Huez. This double climb to Alpe d\u2019Huez is a nod to the 18th stage of the 2013 Tour de France.<\/p>\n\n\n\n<div class=\"wp-block-buttons is-content-justification-center is-layout-flex wp-container-core-buttons-is-layout-a89b3969 wp-block-buttons-is-layout-flex\">\n<div class=\"wp-block-button\"><a class=\"wp-block-button__link has-vivid-red-background-color has-background wp-element-button\" href=\"https:\/\/marmottegranfondoalpes.com\/?_sp=550e5e6f-83a4-4f84-9419-6fd0952c2139.1730367810306\" target=\"_blank\" rel=\"noreferrer noopener\">More Info<\/a><\/div>\n<\/div>\n\n\n\n<h2 class=\"wp-block-heading\">Maratona dles Dolomites<\/h2>\n\n\n\n<figure data-wp-context=\"{&quot;imageId&quot;:&quot;69ec634671402&quot;}\" data-wp-interactive=\"core\/image\" data-wp-key=\"69ec634671402\" class=\"wp-block-image size-large wp-lightbox-container\"><img decoding=\"async\" width=\"1920\" height=\"1079\" data-wp-class--hide=\"state.isContentHidden\" data-wp-class--show=\"state.isContentVisible\" data-wp-init=\"callbacks.setButtonStyles\" data-wp-on--click=\"actions.showLightbox\" data-wp-on--load=\"callbacks.setButtonStyles\" data-wp-on-window--resize=\"callbacks.setButtonStyles\" src=\"https:\/\/www.alpecincycling.com\/app\/uploads\/2024\/10\/Maratona-dles-Dolomites-1-edited.jpg\" alt=\"Rad-Marathon Maratona dles Dolomites\" class=\"wp-image-105913\" srcset=\"https:\/\/www.alpecincycling.com\/app\/uploads\/2024\/10\/Maratona-dles-Dolomites-1-edited.jpg 1920w, https:\/\/www.alpecincycling.com\/app\/uploads\/2024\/10\/Maratona-dles-Dolomites-1-edited-300x169.jpg 300w, https:\/\/www.alpecincycling.com\/app\/uploads\/2024\/10\/Maratona-dles-Dolomites-1-edited-1024x575.jpg 1024w, https:\/\/www.alpecincycling.com\/app\/uploads\/2024\/10\/Maratona-dles-Dolomites-1-edited-768x432.jpg 768w, https:\/\/www.alpecincycling.com\/app\/uploads\/2024\/10\/Maratona-dles-Dolomites-1-edited-1536x863.jpg 1536w\" sizes=\"(max-width: 1920px) 100vw, 1920px\" \/><button\n\t\t\tclass=\"lightbox-trigger\"\n\t\t\ttype=\"button\"\n\t\t\taria-haspopup=\"dialog\"\n\t\t\taria-label=\"Enlarge\"\n\t\t\tdata-wp-init=\"callbacks.initTriggerButton\"\n\t\t\tdata-wp-on--click=\"actions.showLightbox\"\n\t\t\tdata-wp-style--right=\"state.imageButtonRight\"\n\t\t\tdata-wp-style--top=\"state.imageButtonTop\"\n\t\t>\n\t\t\t<svg xmlns=\"http:\/\/www.w3.org\/2000\/svg\" width=\"12\" height=\"12\" fill=\"none\" viewBox=\"0 0 12 12\">\n\t\t\t\t<path fill=\"#fff\" d=\"M2 0a2 2 0 0 0-2 2v2h1.5V2a.5.5 0 0 1 .5-.5h2V0H2Zm2 10.5H2a.5.5 0 0 1-.5-.5V8H0v2a2 2 0 0 0 2 2h2v-1.5ZM8 12v-1.5h2a.5.5 0 0 0 .5-.5V8H12v2a2 2 0 0 1-2 2H8Zm2-12a2 2 0 0 1 2 2v2h-1.5V2a.5.5 0 0 0-.5-.5H8V0h2Z\" \/>\n\t\t\t<\/svg>\n\t\t<\/button><\/figure>\n\n\n\n\n\n<p>Pordoi, Sella, Giau, Falzarego &amp; Co. Riders take on these legendary stone giants at the Maratona dles Dolomites. Even the shortest route, the classic 55-kilometer Sella-Ronda, includes four Dolomite passes. But the ultimate challenge is the long-distance route with its seven summits.<\/p>\n\n\n\n<p>Despite the tough climbs, the stunning views of the Marmolada, Langkofel, and Sella Massif make all the effort worthwhile. If the nearly 8000 regular spots for this legendary event are already taken, you can still get a charity ticket.<\/p>\n\n\n\n<div class=\"wp-block-buttons is-content-justification-center is-layout-flex wp-container-core-buttons-is-layout-a89b3969 wp-block-buttons-is-layout-flex\">\n<div class=\"wp-block-button\"><a class=\"wp-block-button__link has-vivid-red-background-color has-background wp-element-button\" href=\"http:\/\/www.maratona.it\/?_sp=550e5e6f-83a4-4f84-9419-6fd0952c2139.1730367820179\" target=\"_blank\" rel=\"noreferrer noopener\">More Info<\/a><\/div>\n<\/div>\n\n\n\n<h2 class=\"wp-block-heading\">L\u00c8tape du Tour 2025<\/h2>\n\n\n\n<figure data-wp-context=\"{&quot;imageId&quot;:&quot;69ec634671a6e&quot;}\" data-wp-interactive=\"core\/image\" data-wp-key=\"69ec634671a6e\" class=\"wp-block-image size-large wp-lightbox-container\"><img decoding=\"async\" width=\"1024\" height=\"682\" data-wp-class--hide=\"state.isContentHidden\" data-wp-class--show=\"state.isContentVisible\" data-wp-init=\"callbacks.setButtonStyles\" data-wp-on--click=\"actions.showLightbox\" data-wp-on--load=\"callbacks.setButtonStyles\" data-wp-on-window--resize=\"callbacks.setButtonStyles\" src=\"https:\/\/www.alpecincycling.com\/app\/uploads\/2018\/12\/Letape-du-tour-2019-cycling_3-1024x682.jpg\" alt=\"\" class=\"wp-image-2555\" srcset=\"https:\/\/www.alpecincycling.com\/app\/uploads\/2018\/12\/Letape-du-tour-2019-cycling_3-1024x682.jpg 1024w, https:\/\/www.alpecincycling.com\/app\/uploads\/2018\/12\/Letape-du-tour-2019-cycling_3-300x200.jpg 300w, https:\/\/www.alpecincycling.com\/app\/uploads\/2018\/12\/Letape-du-tour-2019-cycling_3-768x512.jpg 768w, https:\/\/www.alpecincycling.com\/app\/uploads\/2018\/12\/Letape-du-tour-2019-cycling_3-900x600.jpg 900w, https:\/\/www.alpecincycling.com\/app\/uploads\/2018\/12\/Letape-du-tour-2019-cycling_3-450x300.jpg 450w, https:\/\/www.alpecincycling.com\/app\/uploads\/2018\/12\/Letape-du-tour-2019-cycling_3.jpg 1307w\" sizes=\"(max-width: 1024px) 100vw, 1024px\" \/><button\n\t\t\tclass=\"lightbox-trigger\"\n\t\t\ttype=\"button\"\n\t\t\taria-haspopup=\"dialog\"\n\t\t\taria-label=\"Enlarge\"\n\t\t\tdata-wp-init=\"callbacks.initTriggerButton\"\n\t\t\tdata-wp-on--click=\"actions.showLightbox\"\n\t\t\tdata-wp-style--right=\"state.imageButtonRight\"\n\t\t\tdata-wp-style--top=\"state.imageButtonTop\"\n\t\t>\n\t\t\t<svg xmlns=\"http:\/\/www.w3.org\/2000\/svg\" width=\"12\" height=\"12\" fill=\"none\" viewBox=\"0 0 12 12\">\n\t\t\t\t<path fill=\"#fff\" d=\"M2 0a2 2 0 0 0-2 2v2h1.5V2a.5.5 0 0 1 .5-.5h2V0H2Zm2 10.5H2a.5.5 0 0 1-.5-.5V8H0v2a2 2 0 0 0 2 2h2v-1.5ZM8 12v-1.5h2a.5.5 0 0 0 .5-.5V8H12v2a2 2 0 0 1-2 2H8Zm2-12a2 2 0 0 1 2 2v2h-1.5V2a.5.5 0 0 0-.5-.5H8V0h2Z\" \/>\n\t\t\t<\/svg>\n\t\t<\/button><\/figure>\n\n\n\n\n\n<p>Hobby and cyclosportives get the unique chance to ride a real Tour de France stage at &#8220;L&#8217;\u00c9tape.&#8221; The next opportunity is on July 20, 2025, when L&#8217;\u00c9tape will follow the original route of Stage 19 of the 2025 Tour de France, from Albertville through the Alps to the mountain finish at La Plagne.<\/p>\n\n\n\n<p>This challenge is no joke: over 130 kilometers, riders will tackle four tough categorized climbs \u2013 C\u00f4te d&#8217;H\u00e9ry-sur-Ugine, Col des Saisies, Col du Pr\u00e9, and the Cormet de Roselend \u2013 all leading up to the final climb to La Plagne at 2,052 meters above sea level. In total, participants will conquer 4,600 meters of elevation gain.<\/p>\n\n\n\n<p>With around 15,000 participants and an atmosphere that lets you experience the Tour de France up close, &#8220;L&#8217;\u00c9tape&#8221; is a real highlight in the amateur racing calendar. The slogan &#8220;Ride like a Pro&#8221; truly comes to life here \u2013 it\u2019s an unforgettable experience for both riders and spectators.<\/p>\n\n\n\n<div class=\"wp-block-buttons is-content-justification-center is-layout-flex wp-container-core-buttons-is-layout-a89b3969 wp-block-buttons-is-layout-flex\">\n<div class=\"wp-block-button\"><a class=\"wp-block-button__link has-vivid-red-background-color has-background wp-element-button\" href=\"https:\/\/www.letapedutourdefrance.com\/en\" target=\"_blank\" rel=\"noreferrer noopener\">More Info<\/a><\/div>\n<\/div>\n\n\n\n<h2 class=\"wp-block-heading\">Gran Fondo San Gottardo<\/h2>\n\n\n\n\n\n<p>Epic challenges await the riders of the Granfondo San Gottardo. In this 115-kilometer event, cyclists will climb the old Tremola road from Airolo up to the Gotthard Pass summit. The cobblestone road winds through countless hairpin turns up to 2106 meters, giving participants stunning views of the Swiss Alps. After this, Gran Fondo participants will get very close to the sky with climbs up the Furka Pass and Nufenen Pass, both just shy of 2500 meters.<\/p>\n\n\n\n<p>For those who don&#8217;t want to go quite as high, the Mediofondo offers a 52-kilometer route that includes climbs up the Gotthard and the Cresta. By the way, the timing for this event is only recorded for the climbs.<\/p>\n\n\n\n<div class=\"wp-block-buttons is-content-justification-center is-layout-flex wp-container-core-buttons-is-layout-a89b3969 wp-block-buttons-is-layout-flex\">\n<div class=\"wp-block-button\"><a class=\"wp-block-button__link has-vivid-red-background-color has-background wp-element-button\" href=\"https:\/\/en.granfondosangottardo.com\/?_sp=550e5e6f-83a4-4f84-9419-6fd0952c2139.1730367851546\" target=\"_blank\" rel=\"noreferrer noopener\">More Info<\/a><\/div>\n<\/div>\n\n\n\n<h2 class=\"wp-block-heading\">\u00d6tztaler Bike-Marathon<\/h2>\n\n\n\n<figure data-wp-context=\"{&quot;imageId&quot;:&quot;69ec634672591&quot;}\" data-wp-interactive=\"core\/image\" data-wp-key=\"69ec634672591\" class=\"wp-block-image size-large wp-lightbox-container\"><img decoding=\"async\" width=\"2560\" height=\"1440\" data-wp-class--hide=\"state.isContentHidden\" data-wp-class--show=\"state.isContentVisible\" data-wp-init=\"callbacks.setButtonStyles\" data-wp-on--click=\"actions.showLightbox\" data-wp-on--load=\"callbacks.setButtonStyles\" data-wp-on-window--resize=\"callbacks.setButtonStyles\" src=\"https:\/\/www.alpecincycling.com\/app\/uploads\/2024\/10\/Alpecin_Oetztaler_2018-407-edited-scaled.jpg\" alt=\"\" class=\"wp-image-105904\" srcset=\"https:\/\/www.alpecincycling.com\/app\/uploads\/2024\/10\/Alpecin_Oetztaler_2018-407-edited-scaled.jpg 2560w, https:\/\/www.alpecincycling.com\/app\/uploads\/2024\/10\/Alpecin_Oetztaler_2018-407-edited-300x169.jpg 300w, https:\/\/www.alpecincycling.com\/app\/uploads\/2024\/10\/Alpecin_Oetztaler_2018-407-edited-1024x576.jpg 1024w, https:\/\/www.alpecincycling.com\/app\/uploads\/2024\/10\/Alpecin_Oetztaler_2018-407-edited-768x432.jpg 768w, https:\/\/www.alpecincycling.com\/app\/uploads\/2024\/10\/Alpecin_Oetztaler_2018-407-edited-1536x864.jpg 1536w, https:\/\/www.alpecincycling.com\/app\/uploads\/2024\/10\/Alpecin_Oetztaler_2018-407-edited-2048x1152.jpg 2048w\" sizes=\"(max-width: 2560px) 100vw, 2560px\" \/><button\n\t\t\tclass=\"lightbox-trigger\"\n\t\t\ttype=\"button\"\n\t\t\taria-haspopup=\"dialog\"\n\t\t\taria-label=\"Enlarge\"\n\t\t\tdata-wp-init=\"callbacks.initTriggerButton\"\n\t\t\tdata-wp-on--click=\"actions.showLightbox\"\n\t\t\tdata-wp-style--right=\"state.imageButtonRight\"\n\t\t\tdata-wp-style--top=\"state.imageButtonTop\"\n\t\t>\n\t\t\t<svg xmlns=\"http:\/\/www.w3.org\/2000\/svg\" width=\"12\" height=\"12\" fill=\"none\" viewBox=\"0 0 12 12\">\n\t\t\t\t<path fill=\"#fff\" d=\"M2 0a2 2 0 0 0-2 2v2h1.5V2a.5.5 0 0 1 .5-.5h2V0H2Zm2 10.5H2a.5.5 0 0 1-.5-.5V8H0v2a2 2 0 0 0 2 2h2v-1.5ZM8 12v-1.5h2a.5.5 0 0 0 .5-.5V8H12v2a2 2 0 0 1-2 2H8Zm2-12a2 2 0 0 1 2 2v2h-1.5V2a.5.5 0 0 0-.5-.5H8V0h2Z\" \/>\n\t\t\t<\/svg>\n\t\t<\/button><\/figure>\n\n\n\n\n\n<p>The finisher&#8217;s jersey of the \u00d6tztaler is one of the most sought-after pieces of clothing among amateur cyclists. But before anyone can wear this jersey, they have to overcome a few hurdles. First, they need to be selected from a huge pool of applicants, and then, on the last Sunday in August, they must conquer the four Alpine passes: K\u00fchtai, Brenner, Jaufen Pass, and Timmelsjoch. Out of the total 226 kilometers, 100 kilometers are uphill. But what won&#8217;t people do for a jersey&#8230;<\/p>\n\n\n\n<div class=\"wp-block-buttons is-content-justification-center is-layout-flex wp-container-core-buttons-is-layout-a89b3969 wp-block-buttons-is-layout-flex\">\n<div class=\"wp-block-button\"><a class=\"wp-block-button__link has-vivid-red-background-color has-background wp-element-button\" href=\"https:\/\/www.oetztaler-radmarathon.com\/home.html?_sp=550e5e6f-83a4-4f84-9419-6fd0952c2139.1730367887389\" target=\"_blank\" rel=\"noreferrer noopener\">More Info<\/a><\/div>\n<\/div>\n\n\n\n<h2 class=\"wp-block-heading\">Alpenbrevet<\/h2>\n\n\n\n\n\n<p>A race of epic proportions: 267 kilometers long, 6800 meters of climbing, and five Alpine passes to conquer at the Alpenbrevet. Starting from Andermatt in the canton of Uri, riders on the long Platinum route will complete a loop that reaches up to 2475 meters and covers the Susten, Grimsel, Nufenen, Lukmanier, and Oberalp passes. Even those taking on the Bronze route, the second easiest of the four, need to be strong climbers. After tackling three major Alpine passes, the final tally will show 107 kilometers and 3100 meters of elevation gain.<\/p>\n\n\n\n<div class=\"wp-block-buttons is-content-justification-center is-layout-flex wp-container-core-buttons-is-layout-a89b3969 wp-block-buttons-is-layout-flex\">\n<div class=\"wp-block-button\"><a class=\"wp-block-button__link has-vivid-red-background-color has-background wp-element-button\" href=\"http:\/\/www.alpenbrevet.ch\/?_sp=550e5e6f-83a4-4f84-9419-6fd0952c2139.1730367921303\" target=\"_blank\" rel=\"noreferrer noopener\">More Info<\/a><\/div>\n<\/div>\n\n\n\n<div style=\"height:44px\" aria-hidden=\"true\" class=\"wp-block-spacer\"><\/div>\n\n\n\n<p><em>Images: Bengt Stiller, Nora Helene Turner, Stefan Rachow, Alta Badia-Maratona dles Dolomites, Henning Angerer<\/em><\/p>\n","protected":false},"excerpt":{"rendered":"<p>Looking for &#8220;the&#8221; challenge for 2025? Why not start with an bike marathon in the alps!<\/p>\n","protected":false},"author":4,"featured_media":98517,"comment_status":"closed","ping_status":"closed","sticky":false,"template":"","format":"standard","meta":{"_acf_changed":false,"footnotes":""},"categories":[106],"tags":[],"class_list":["post-105922","post","type-post","status-publish","format-standard","has-post-thumbnail","hentry","category-events"],"acf":[],"yoast_head":"<!-- This site is optimized with the Yoast SEO Premium plugin v27.3 (Yoast SEO v27.3) - https:\/\/yoast.com\/product\/yoast-seo-premium-wordpress\/ -->\n<title>Cylcosportive Events 2025: Marathons and Granfondos in the Alps<\/title>\n<meta name=\"description\" content=\"When and where are the best cycling marathons in the Alps? Alpecin Cycling gives you a rundown of the top sportives.\" \/>\n<meta name=\"robots\" content=\"index, follow, max-snippet:-1, max-image-preview:large, max-video-preview:-1\" \/>\n<link rel=\"canonical\" href=\"https:\/\/www.alpecincycling.com\/en\/events\/cyclosportive-events-marathon-alps\/\" \/>\n<meta property=\"og:locale\" content=\"en_US\" \/>\n<meta property=\"og:type\" content=\"article\" \/>\n<meta property=\"og:title\" content=\"Cylcosportive Events 2025: The Most Beautiful Marathons in the Alps\" \/>\n<meta property=\"og:description\" content=\"When and where are the best cycling marathons in the Alps? Alpecin Cycling gives you a rundown of the top sportives.\" \/>\n<meta property=\"og:url\" content=\"https:\/\/www.alpecincycling.com\/en\/events\/cyclosportive-events-marathon-alps\/\" \/>\n<meta property=\"og:site_name\" content=\"Alpecin Cycling\" \/>\n<meta property=\"article:publisher\" content=\"https:\/\/facebook.com\/alpecincycling\" \/>\n<meta property=\"article:published_time\" content=\"2024-10-31T10:48:46+00:00\" \/>\n<meta property=\"article:modified_time\" content=\"2024-11-26T14:35:49+00:00\" \/>\n<meta property=\"og:image\" content=\"https:\/\/www.alpecincycling.com\/app\/uploads\/2023\/11\/Letape-du-tour-2019-cycling_4-edited.jpg\" \/>\n\t<meta property=\"og:image:width\" content=\"1549\" \/>\n\t<meta property=\"og:image:height\" content=\"871\" \/>\n\t<meta property=\"og:image:type\" content=\"image\/jpeg\" \/>\n<meta name=\"author\" content=\"Steffen\" \/>\n<meta name=\"twitter:card\" content=\"summary_large_image\" \/>\n<meta name=\"twitter:creator\" content=\"@alpecincycling\" \/>\n<meta name=\"twitter:site\" content=\"@alpecincycling\" \/>\n<meta name=\"twitter:label1\" content=\"Written by\" \/>\n\t<meta name=\"twitter:data1\" content=\"Steffen\" \/>\n\t<meta name=\"twitter:label2\" content=\"Est. reading time\" \/>\n\t<meta name=\"twitter:data2\" content=\"9 minutes\" \/>\n<script type=\"application\/ld+json\" class=\"yoast-schema-graph\">{\"@context\":\"https:\\\/\\\/schema.org\",\"@graph\":[{\"@type\":\"Article\",\"@id\":\"https:\\\/\\\/www.alpecincycling.com\\\/en\\\/events\\\/cyclosportive-events-marathon-alps\\\/#article\",\"isPartOf\":{\"@id\":\"https:\\\/\\\/www.alpecincycling.com\\\/en\\\/events\\\/cyclosportive-events-marathon-alps\\\/\"},\"author\":{\"name\":\"Steffen\",\"@id\":\"https:\\\/\\\/www.alpecincycling.com\\\/en\\\/#\\\/schema\\\/person\\\/9ea85f043a832826d7bf54b693eb7809\"},\"headline\":\"Cylcosportive Events 2025: The Most Beautiful Marathons in the Alps\",\"datePublished\":\"2024-10-31T10:48:46+00:00\",\"dateModified\":\"2024-11-26T14:35:49+00:00\",\"mainEntityOfPage\":{\"@id\":\"https:\\\/\\\/www.alpecincycling.com\\\/en\\\/events\\\/cyclosportive-events-marathon-alps\\\/\"},\"wordCount\":1325,\"publisher\":{\"@id\":\"https:\\\/\\\/www.alpecincycling.com\\\/en\\\/#organization\"},\"image\":{\"@id\":\"https:\\\/\\\/www.alpecincycling.com\\\/en\\\/events\\\/cyclosportive-events-marathon-alps\\\/#primaryimage\"},\"thumbnailUrl\":\"https:\\\/\\\/www.alpecincycling.com\\\/app\\\/uploads\\\/2023\\\/11\\\/Letape-du-tour-2019-cycling_4-edited.jpg\",\"articleSection\":[\"Events\"],\"inLanguage\":\"en-US\"},{\"@type\":\"WebPage\",\"@id\":\"https:\\\/\\\/www.alpecincycling.com\\\/en\\\/events\\\/cyclosportive-events-marathon-alps\\\/\",\"url\":\"https:\\\/\\\/www.alpecincycling.com\\\/en\\\/events\\\/cyclosportive-events-marathon-alps\\\/\",\"name\":\"Cylcosportive Events 2025: Marathons and Granfondos in the Alps\",\"isPartOf\":{\"@id\":\"https:\\\/\\\/www.alpecincycling.com\\\/en\\\/#website\"},\"primaryImageOfPage\":{\"@id\":\"https:\\\/\\\/www.alpecincycling.com\\\/en\\\/events\\\/cyclosportive-events-marathon-alps\\\/#primaryimage\"},\"image\":{\"@id\":\"https:\\\/\\\/www.alpecincycling.com\\\/en\\\/events\\\/cyclosportive-events-marathon-alps\\\/#primaryimage\"},\"thumbnailUrl\":\"https:\\\/\\\/www.alpecincycling.com\\\/app\\\/uploads\\\/2023\\\/11\\\/Letape-du-tour-2019-cycling_4-edited.jpg\",\"datePublished\":\"2024-10-31T10:48:46+00:00\",\"dateModified\":\"2024-11-26T14:35:49+00:00\",\"description\":\"When and where are the best cycling marathons in the Alps? Alpecin Cycling gives you a rundown of the top sportives.\",\"breadcrumb\":{\"@id\":\"https:\\\/\\\/www.alpecincycling.com\\\/en\\\/events\\\/cyclosportive-events-marathon-alps\\\/#breadcrumb\"},\"inLanguage\":\"en-US\",\"potentialAction\":[{\"@type\":\"ReadAction\",\"target\":[\"https:\\\/\\\/www.alpecincycling.com\\\/en\\\/events\\\/cyclosportive-events-marathon-alps\\\/\"]}]},{\"@type\":\"ImageObject\",\"inLanguage\":\"en-US\",\"@id\":\"https:\\\/\\\/www.alpecincycling.com\\\/en\\\/events\\\/cyclosportive-events-marathon-alps\\\/#primaryimage\",\"url\":\"https:\\\/\\\/www.alpecincycling.com\\\/app\\\/uploads\\\/2023\\\/11\\\/Letape-du-tour-2019-cycling_4-edited.jpg\",\"contentUrl\":\"https:\\\/\\\/www.alpecincycling.com\\\/app\\\/uploads\\\/2023\\\/11\\\/Letape-du-tour-2019-cycling_4-edited.jpg\",\"width\":1549,\"height\":871},{\"@type\":\"BreadcrumbList\",\"@id\":\"https:\\\/\\\/www.alpecincycling.com\\\/en\\\/events\\\/cyclosportive-events-marathon-alps\\\/#breadcrumb\",\"itemListElement\":[{\"@type\":\"ListItem\",\"position\":1,\"name\":\"Home\",\"item\":\"https:\\\/\\\/www.alpecincycling.com\\\/en\\\/\"},{\"@type\":\"ListItem\",\"position\":2,\"name\":\"Events\",\"item\":\"https:\\\/\\\/www.alpecincycling.com\\\/en\\\/t\\\/events\\\/\"},{\"@type\":\"ListItem\",\"position\":3,\"name\":\"Cylcosportive Events 2025: The Most Beautiful Marathons in the Alps\"}]},{\"@type\":\"WebSite\",\"@id\":\"https:\\\/\\\/www.alpecincycling.com\\\/en\\\/#website\",\"url\":\"https:\\\/\\\/www.alpecincycling.com\\\/en\\\/\",\"name\":\"Alpecin Cycling\",\"description\":\"\",\"publisher\":{\"@id\":\"https:\\\/\\\/www.alpecincycling.com\\\/en\\\/#organization\"},\"potentialAction\":[{\"@type\":\"SearchAction\",\"target\":{\"@type\":\"EntryPoint\",\"urlTemplate\":\"https:\\\/\\\/www.alpecincycling.com\\\/en\\\/?s={search_term_string}\"},\"query-input\":{\"@type\":\"PropertyValueSpecification\",\"valueRequired\":true,\"valueName\":\"search_term_string\"}}],\"inLanguage\":\"en-US\"},{\"@type\":\"Organization\",\"@id\":\"https:\\\/\\\/www.alpecincycling.com\\\/en\\\/#organization\",\"name\":\"DR. KURT WOLFF GMBH & CO. KG\",\"alternateName\":\"DR. WOLFF\",\"url\":\"https:\\\/\\\/www.alpecincycling.com\\\/en\\\/\",\"logo\":{\"@type\":\"ImageObject\",\"inLanguage\":\"en-US\",\"@id\":\"https:\\\/\\\/www.alpecincycling.com\\\/en\\\/#\\\/schema\\\/logo\\\/image\\\/\",\"url\":\"https:\\\/\\\/www.alpecincycling.com\\\/app\\\/uploads\\\/2025\\\/03\\\/Dr-Wolff.svg\",\"contentUrl\":\"https:\\\/\\\/www.alpecincycling.com\\\/app\\\/uploads\\\/2025\\\/03\\\/Dr-Wolff.svg\",\"width\":1,\"height\":1,\"caption\":\"DR. KURT WOLFF GMBH & CO. KG\"},\"image\":{\"@id\":\"https:\\\/\\\/www.alpecincycling.com\\\/en\\\/#\\\/schema\\\/logo\\\/image\\\/\"},\"sameAs\":[\"https:\\\/\\\/facebook.com\\\/alpecincycling\",\"https:\\\/\\\/x.com\\\/alpecincycling\",\"https:\\\/\\\/www.instagram.com\\\/alpecincycling\",\"https:\\\/\\\/www.youtube.com\\\/channel\\\/UCUydTS69Mm-fk6uu_porLmw\"],\"vatID\":\"DE 124002456\"},{\"@type\":\"Person\",\"@id\":\"https:\\\/\\\/www.alpecincycling.com\\\/en\\\/#\\\/schema\\\/person\\\/9ea85f043a832826d7bf54b693eb7809\",\"name\":\"Steffen\",\"image\":{\"@type\":\"ImageObject\",\"inLanguage\":\"en-US\",\"@id\":\"https:\\\/\\\/secure.gravatar.com\\\/avatar\\\/010c64c1255f35151870e3ac8ca5c16108d7eb8b6db01651b2c3bb06ee54498a?s=96&d=mm&r=g\",\"url\":\"https:\\\/\\\/secure.gravatar.com\\\/avatar\\\/010c64c1255f35151870e3ac8ca5c16108d7eb8b6db01651b2c3bb06ee54498a?s=96&d=mm&r=g\",\"contentUrl\":\"https:\\\/\\\/secure.gravatar.com\\\/avatar\\\/010c64c1255f35151870e3ac8ca5c16108d7eb8b6db01651b2c3bb06ee54498a?s=96&d=mm&r=g\",\"caption\":\"Steffen\"},\"url\":\"https:\\\/\\\/www.alpecincycling.com\\\/en\\\/author\\\/steffen\\\/\"}]}<\/script>\n<!-- \/ Yoast SEO Premium plugin. -->","yoast_head_json":{"title":"Cylcosportive Events 2025: Marathons and Granfondos in the Alps","description":"When and where are the best cycling marathons in the Alps? Alpecin Cycling gives you a rundown of the top sportives.","robots":{"index":"index","follow":"follow","max-snippet":"max-snippet:-1","max-image-preview":"max-image-preview:large","max-video-preview":"max-video-preview:-1"},"canonical":"https:\/\/www.alpecincycling.com\/en\/events\/cyclosportive-events-marathon-alps\/","og_locale":"en_US","og_type":"article","og_title":"Cylcosportive Events 2025: The Most Beautiful Marathons in the Alps","og_description":"When and where are the best cycling marathons in the Alps? Alpecin Cycling gives you a rundown of the top sportives.","og_url":"https:\/\/www.alpecincycling.com\/en\/events\/cyclosportive-events-marathon-alps\/","og_site_name":"Alpecin Cycling","article_publisher":"https:\/\/facebook.com\/alpecincycling","article_published_time":"2024-10-31T10:48:46+00:00","article_modified_time":"2024-11-26T14:35:49+00:00","og_image":[{"width":1549,"height":871,"url":"https:\/\/www.alpecincycling.com\/app\/uploads\/2023\/11\/Letape-du-tour-2019-cycling_4-edited.jpg","type":"image\/jpeg"}],"author":"Steffen","twitter_card":"summary_large_image","twitter_creator":"@alpecincycling","twitter_site":"@alpecincycling","twitter_misc":{"Written by":"Steffen","Est. reading time":"9 minutes"},"schema":{"@context":"https:\/\/schema.org","@graph":[{"@type":"Article","@id":"https:\/\/www.alpecincycling.com\/en\/events\/cyclosportive-events-marathon-alps\/#article","isPartOf":{"@id":"https:\/\/www.alpecincycling.com\/en\/events\/cyclosportive-events-marathon-alps\/"},"author":{"name":"Steffen","@id":"https:\/\/www.alpecincycling.com\/en\/#\/schema\/person\/9ea85f043a832826d7bf54b693eb7809"},"headline":"Cylcosportive Events 2025: The Most Beautiful Marathons in the Alps","datePublished":"2024-10-31T10:48:46+00:00","dateModified":"2024-11-26T14:35:49+00:00","mainEntityOfPage":{"@id":"https:\/\/www.alpecincycling.com\/en\/events\/cyclosportive-events-marathon-alps\/"},"wordCount":1325,"publisher":{"@id":"https:\/\/www.alpecincycling.com\/en\/#organization"},"image":{"@id":"https:\/\/www.alpecincycling.com\/en\/events\/cyclosportive-events-marathon-alps\/#primaryimage"},"thumbnailUrl":"https:\/\/www.alpecincycling.com\/app\/uploads\/2023\/11\/Letape-du-tour-2019-cycling_4-edited.jpg","articleSection":["Events"],"inLanguage":"en-US"},{"@type":"WebPage","@id":"https:\/\/www.alpecincycling.com\/en\/events\/cyclosportive-events-marathon-alps\/","url":"https:\/\/www.alpecincycling.com\/en\/events\/cyclosportive-events-marathon-alps\/","name":"Cylcosportive Events 2025: Marathons and Granfondos in the Alps","isPartOf":{"@id":"https:\/\/www.alpecincycling.com\/en\/#website"},"primaryImageOfPage":{"@id":"https:\/\/www.alpecincycling.com\/en\/events\/cyclosportive-events-marathon-alps\/#primaryimage"},"image":{"@id":"https:\/\/www.alpecincycling.com\/en\/events\/cyclosportive-events-marathon-alps\/#primaryimage"},"thumbnailUrl":"https:\/\/www.alpecincycling.com\/app\/uploads\/2023\/11\/Letape-du-tour-2019-cycling_4-edited.jpg","datePublished":"2024-10-31T10:48:46+00:00","dateModified":"2024-11-26T14:35:49+00:00","description":"When and where are the best cycling marathons in the Alps? Alpecin Cycling gives you a rundown of the top sportives.","breadcrumb":{"@id":"https:\/\/www.alpecincycling.com\/en\/events\/cyclosportive-events-marathon-alps\/#breadcrumb"},"inLanguage":"en-US","potentialAction":[{"@type":"ReadAction","target":["https:\/\/www.alpecincycling.com\/en\/events\/cyclosportive-events-marathon-alps\/"]}]},{"@type":"ImageObject","inLanguage":"en-US","@id":"https:\/\/www.alpecincycling.com\/en\/events\/cyclosportive-events-marathon-alps\/#primaryimage","url":"https:\/\/www.alpecincycling.com\/app\/uploads\/2023\/11\/Letape-du-tour-2019-cycling_4-edited.jpg","contentUrl":"https:\/\/www.alpecincycling.com\/app\/uploads\/2023\/11\/Letape-du-tour-2019-cycling_4-edited.jpg","width":1549,"height":871},{"@type":"BreadcrumbList","@id":"https:\/\/www.alpecincycling.com\/en\/events\/cyclosportive-events-marathon-alps\/#breadcrumb","itemListElement":[{"@type":"ListItem","position":1,"name":"Home","item":"https:\/\/www.alpecincycling.com\/en\/"},{"@type":"ListItem","position":2,"name":"Events","item":"https:\/\/www.alpecincycling.com\/en\/t\/events\/"},{"@type":"ListItem","position":3,"name":"Cylcosportive Events 2025: The Most Beautiful Marathons in the Alps"}]},{"@type":"WebSite","@id":"https:\/\/www.alpecincycling.com\/en\/#website","url":"https:\/\/www.alpecincycling.com\/en\/","name":"Alpecin Cycling","description":"","publisher":{"@id":"https:\/\/www.alpecincycling.com\/en\/#organization"},"potentialAction":[{"@type":"SearchAction","target":{"@type":"EntryPoint","urlTemplate":"https:\/\/www.alpecincycling.com\/en\/?s={search_term_string}"},"query-input":{"@type":"PropertyValueSpecification","valueRequired":true,"valueName":"search_term_string"}}],"inLanguage":"en-US"},{"@type":"Organization","@id":"https:\/\/www.alpecincycling.com\/en\/#organization","name":"DR. KURT WOLFF GMBH & CO. KG","alternateName":"DR. WOLFF","url":"https:\/\/www.alpecincycling.com\/en\/","logo":{"@type":"ImageObject","inLanguage":"en-US","@id":"https:\/\/www.alpecincycling.com\/en\/#\/schema\/logo\/image\/","url":"https:\/\/www.alpecincycling.com\/app\/uploads\/2025\/03\/Dr-Wolff.svg","contentUrl":"https:\/\/www.alpecincycling.com\/app\/uploads\/2025\/03\/Dr-Wolff.svg","width":1,"height":1,"caption":"DR. KURT WOLFF GMBH & CO. KG"},"image":{"@id":"https:\/\/www.alpecincycling.com\/en\/#\/schema\/logo\/image\/"},"sameAs":["https:\/\/facebook.com\/alpecincycling","https:\/\/x.com\/alpecincycling","https:\/\/www.instagram.com\/alpecincycling","https:\/\/www.youtube.com\/channel\/UCUydTS69Mm-fk6uu_porLmw"],"vatID":"DE 124002456"},{"@type":"Person","@id":"https:\/\/www.alpecincycling.com\/en\/#\/schema\/person\/9ea85f043a832826d7bf54b693eb7809","name":"Steffen","image":{"@type":"ImageObject","inLanguage":"en-US","@id":"https:\/\/secure.gravatar.com\/avatar\/010c64c1255f35151870e3ac8ca5c16108d7eb8b6db01651b2c3bb06ee54498a?s=96&d=mm&r=g","url":"https:\/\/secure.gravatar.com\/avatar\/010c64c1255f35151870e3ac8ca5c16108d7eb8b6db01651b2c3bb06ee54498a?s=96&d=mm&r=g","contentUrl":"https:\/\/secure.gravatar.com\/avatar\/010c64c1255f35151870e3ac8ca5c16108d7eb8b6db01651b2c3bb06ee54498a?s=96&d=mm&r=g","caption":"Steffen"},"url":"https:\/\/www.alpecincycling.com\/en\/author\/steffen\/"}]}},"_links":{"self":[{"href":"https:\/\/www.alpecincycling.com\/en\/wp-json\/wp\/v2\/posts\/105922","targetHints":{"allow":["GET"]}}],"collection":[{"href":"https:\/\/www.alpecincycling.com\/en\/wp-json\/wp\/v2\/posts"}],"about":[{"href":"https:\/\/www.alpecincycling.com\/en\/wp-json\/wp\/v2\/types\/post"}],"author":[{"embeddable":true,"href":"https:\/\/www.alpecincycling.com\/en\/wp-json\/wp\/v2\/users\/4"}],"replies":[{"embeddable":true,"href":"https:\/\/www.alpecincycling.com\/en\/wp-json\/wp\/v2\/comments?post=105922"}],"version-history":[{"count":30,"href":"https:\/\/www.alpecincycling.com\/en\/wp-json\/wp\/v2\/posts\/105922\/revisions"}],"predecessor-version":[{"id":106235,"href":"https:\/\/www.alpecincycling.com\/en\/wp-json\/wp\/v2\/posts\/105922\/revisions\/106235"}],"wp:featuredmedia":[{"embeddable":true,"href":"https:\/\/www.alpecincycling.com\/en\/wp-json\/wp\/v2\/media\/98517"}],"wp:attachment":[{"href":"https:\/\/www.alpecincycling.com\/en\/wp-json\/wp\/v2\/media?parent=105922"}],"wp:term":[{"taxonomy":"category","embeddable":true,"href":"https:\/\/www.alpecincycling.com\/en\/wp-json\/wp\/v2\/categories?post=105922"},{"taxonomy":"post_tag","embeddable":true,"href":"https:\/\/www.alpecincycling.com\/en\/wp-json\/wp\/v2\/tags?post=105922"}],"curies":[{"name":"wp","href":"https:\/\/api.w.org\/{rel}","templated":true}]}}