{"id":103147,"date":"2024-07-06T07:17:45","date_gmt":"2024-07-06T05:17:45","guid":{"rendered":"https:\/\/www.alpecincycling.com\/?p=103147"},"modified":"2024-07-06T07:17:46","modified_gmt":"2024-07-06T05:17:46","slug":"preview-stage-8-of-the-tour-de-france-2024","status":"publish","type":"post","link":"https:\/\/www.alpecincycling.com\/en\/pro-peloton\/preview-stage-8-of-the-tour-de-france-2024\/","title":{"rendered":"Preview: Stage 8 of the Tour de France 2024"},"content":{"rendered":"\n<p>The eighth stage of the 2024 Tour de France will see riders facing constant ups and downs. While it&#8217;s not classified as a mid-mountain stage, the route from Semur-en-Auxois to Colombey-les-Deux-\u00c9glises includes five categorized climbs and at least as many uncategorized ones, totaling 2,400 meters of elevation gain. This terrain is ideal for breakaway attempts, providing a perfect opportunity for escape artists to make their move.<\/p>\n\n\n\n<h2 class=\"wp-block-heading\">Stage 8 | 6 July | Semur-en-Auxois to Colombey-les-Deux-\u00c9glises | 183.4 km | 2,400 m elevation gain<\/h2>\n\n\n\n<figure data-wp-context=\"{&quot;imageId&quot;:&quot;69f776a17bdff&quot;}\" data-wp-interactive=\"core\/image\" data-wp-key=\"69f776a17bdff\" class=\"wp-block-image size-large is-style-default wp-lightbox-container\"><img decoding=\"async\" width=\"1024\" height=\"804\" data-wp-class--hide=\"state.isContentHidden\" data-wp-class--show=\"state.isContentVisible\" data-wp-init=\"callbacks.setButtonStyles\" data-wp-on--click=\"actions.showLightbox\" data-wp-on--load=\"callbacks.setButtonStyles\" data-wp-on-window--resize=\"callbacks.setButtonStyles\" src=\"https:\/\/www.alpecincycling.com\/app\/uploads\/2024\/07\/Tour-de-France-2024-8-Etappe-Profil-1024x804.png\" alt=\"\" class=\"wp-image-103114\" srcset=\"https:\/\/www.alpecincycling.com\/app\/uploads\/2024\/07\/Tour-de-France-2024-8-Etappe-Profil-1024x804.png 1024w, https:\/\/www.alpecincycling.com\/app\/uploads\/2024\/07\/Tour-de-France-2024-8-Etappe-Profil-300x235.png 300w, https:\/\/www.alpecincycling.com\/app\/uploads\/2024\/07\/Tour-de-France-2024-8-Etappe-Profil-768x603.png 768w, https:\/\/www.alpecincycling.com\/app\/uploads\/2024\/07\/Tour-de-France-2024-8-Etappe-Profil-1536x1206.png 1536w, https:\/\/www.alpecincycling.com\/app\/uploads\/2024\/07\/Tour-de-France-2024-8-Etappe-Profil-1920x1507.png 1920w, https:\/\/www.alpecincycling.com\/app\/uploads\/2024\/07\/Tour-de-France-2024-8-Etappe-Profil-1500x1177.png 1500w, https:\/\/www.alpecincycling.com\/app\/uploads\/2024\/07\/Tour-de-France-2024-8-Etappe-Profil-1060x832.png 1060w, https:\/\/www.alpecincycling.com\/app\/uploads\/2024\/07\/Tour-de-France-2024-8-Etappe-Profil-700x549.png 700w, https:\/\/www.alpecincycling.com\/app\/uploads\/2024\/07\/Tour-de-France-2024-8-Etappe-Profil-325x255.png 325w, https:\/\/www.alpecincycling.com\/app\/uploads\/2024\/07\/Tour-de-France-2024-8-Etappe-Profil.png 2032w\" sizes=\"(max-width: 1024px) 100vw, 1024px\" \/><button\n\t\t\tclass=\"lightbox-trigger\"\n\t\t\ttype=\"button\"\n\t\t\taria-haspopup=\"dialog\"\n\t\t\taria-label=\"Enlarge\"\n\t\t\tdata-wp-init=\"callbacks.initTriggerButton\"\n\t\t\tdata-wp-on--click=\"actions.showLightbox\"\n\t\t\tdata-wp-style--right=\"state.imageButtonRight\"\n\t\t\tdata-wp-style--top=\"state.imageButtonTop\"\n\t\t>\n\t\t\t<svg xmlns=\"http:\/\/www.w3.org\/2000\/svg\" width=\"12\" height=\"12\" fill=\"none\" viewBox=\"0 0 12 12\">\n\t\t\t\t<path fill=\"#fff\" d=\"M2 0a2 2 0 0 0-2 2v2h1.5V2a.5.5 0 0 1 .5-.5h2V0H2Zm2 10.5H2a.5.5 0 0 1-.5-.5V8H0v2a2 2 0 0 0 2 2h2v-1.5ZM8 12v-1.5h2a.5.5 0 0 0 .5-.5V8H12v2a2 2 0 0 1-2 2H8Zm2-12a2 2 0 0 1 2 2v2h-1.5V2a.5.5 0 0 0-.5-.5H8V0h2Z\" \/>\n\t\t\t<\/svg>\n\t\t<\/button><figcaption class=\"wp-element-caption\"><em>\u00a9 ASO<\/em><\/figcaption><\/figure>\n\n\n\n<p>The eighth stage of the Tour de France heads north, covering 183.4 kilometers. After an easy 20 kilometers, the riders will enter hilly terrain. In the next 30 kilometers, they face three categorized climbs: C\u00f4te de Vitteaux (2 kilometers at 7.3%), C\u00f4te de Villy-en-Auxois (2.4 kilometers at 5.5%), and C\u00f4te de Verrey-sous-Salmaise (2.9 kilometers at 5.1%).<\/p>\n\n\n\n<p>The route continues to the intermediate sprint in Lamargelle at kilometer 59. Although the next categorized climb is about 40 kilometers away, the terrain remains rolling. With the C\u00f4te de Santenoge (1.1 kilometers at 8.1%), the uncategorized C\u00f4te de Bay-sur-Aube, and the C\u00f4te de Giey-sur-Aujon (1.2 kilometers at 8.4%), the riders will have completed most of the climbs. However, the final 60 kilometers are not flat. The most challenging section is the uncategorized C\u00f4te de Eufigneix, less than 15 kilometers before the finish in Colombey-les-Deux-\u00c9glises.<\/p>\n\n\n\n<h2 class=\"wp-block-heading\">Favorites Check: Stage Win and Yellow Jersey<\/h2>\n\n\n\n<p>Will the sprinter teams or the breakaway group win the stage? This question looms large on flat and hilly stages of the Tour de France. It might seem like an unequal battle, as two sprinter teams alone can muster 10 to 14 helpers. But as we near the end of the first week, the dynamics change.<\/p>\n\n\n\n<p>Many riders are already fatigued or nursing injuries and are eagerly anticipating the rest day. The outcome will hinge on the size and makeup of the breakaway group, determining whether we&#8217;ll see a Royal Sprint finish or a successful escape by a breakaway rider.<\/p>\n\n\n\n<h2 class=\"wp-block-heading\">Stage 8 Classifications<\/h2>\n\n\n\n<h3 class=\"wp-block-heading\"><strong>Sprint Points<\/strong><\/h3>\n\n\n\n<ul class=\"wp-block-list\">\n<li>Lamargelle | Kilometer 59<\/li>\n<\/ul>\n\n\n\n<h3 class=\"wp-block-heading\"><strong>King of the Mountains<\/strong><\/h3>\n\n\n\n<ul class=\"wp-block-list\">\n<li>C\u00f4te de Vitteaux | Category 3 | Kilometer 24.1<\/li>\n\n\n\n<li>C\u00f4te de Villy-en-Auxois | Category 3 | Kilometer 32.5<\/li>\n\n\n\n<li>C\u00f4te de Verrey-sous-Salmaise | Category 3 | Kilometer 38.8<\/li>\n\n\n\n<li>C\u00f4te de Santenoge | Category 4 | Kilometer 86.7<\/li>\n\n\n\n<li>C\u00f4te de Giey-sur-Aujon | Category 4 | Kilometer 122.4<\/li>\n<\/ul>\n\n\n\n<p>Header Image: <em>\u00a9 ASO<\/em><\/p>\n","protected":false},"excerpt":{"rendered":"<p>Will the sprinter teams or the breakaway group win stage 8 of the Tour de France 2024?<\/p>\n","protected":false},"author":4,"featured_media":103112,"comment_status":"closed","ping_status":"closed","sticky":false,"template":"","format":"standard","meta":{"_acf_changed":false,"footnotes":""},"categories":[93],"tags":[],"class_list":["post-103147","post","type-post","status-publish","format-standard","has-post-thumbnail","hentry","category-pro-peloton"],"acf":[],"yoast_head":"<!-- This site is optimized with the Yoast SEO Premium plugin v27.3 (Yoast SEO v27.3) - https:\/\/yoast.com\/product\/yoast-seo-premium-wordpress\/ -->\n<title>Preview: Stage 8 of the Tour de France 2024 - Alpecin Cycling<\/title>\n<meta name=\"description\" content=\"Sprinter or breakaway \u2013 who will win Stage 8 of the Tour de France? Get all the details on the stage profile, route, map, and favorites.\" \/>\n<meta name=\"robots\" content=\"index, follow, max-snippet:-1, max-image-preview:large, max-video-preview:-1\" \/>\n<link rel=\"canonical\" href=\"https:\/\/www.alpecincycling.com\/en\/pro-peloton\/preview-stage-8-of-the-tour-de-france-2024\/\" \/>\n<meta property=\"og:locale\" content=\"en_US\" \/>\n<meta property=\"og:type\" content=\"article\" \/>\n<meta property=\"og:title\" content=\"Preview: Stage 8 of the Tour de France 2024\" \/>\n<meta property=\"og:description\" content=\"Sprinter or breakaway \u2013 who will win Stage 8 of the Tour de France? Get all the details on the stage profile, route, map, and favorites.\" \/>\n<meta property=\"og:url\" content=\"https:\/\/www.alpecincycling.com\/en\/pro-peloton\/preview-stage-8-of-the-tour-de-france-2024\/\" \/>\n<meta property=\"og:site_name\" content=\"Alpecin Cycling\" \/>\n<meta property=\"article:publisher\" content=\"https:\/\/facebook.com\/alpecincycling\" \/>\n<meta property=\"article:published_time\" content=\"2024-07-06T05:17:45+00:00\" \/>\n<meta property=\"article:modified_time\" content=\"2024-07-06T05:17:46+00:00\" \/>\n<meta property=\"og:image\" content=\"https:\/\/www.alpecincycling.com\/app\/uploads\/2024\/07\/Tour-de-France-2024-8-Etappe-Karte.pg_-scaled.jpg\" \/>\n\t<meta property=\"og:image:width\" content=\"1810\" \/>\n\t<meta property=\"og:image:height\" content=\"2560\" \/>\n\t<meta property=\"og:image:type\" content=\"image\/jpeg\" \/>\n<meta name=\"author\" content=\"Steffen\" \/>\n<meta name=\"twitter:card\" content=\"summary_large_image\" \/>\n<meta name=\"twitter:creator\" content=\"@alpecincycling\" \/>\n<meta name=\"twitter:site\" content=\"@alpecincycling\" \/>\n<meta name=\"twitter:label1\" content=\"Written by\" \/>\n\t<meta name=\"twitter:data1\" content=\"Steffen\" \/>\n\t<meta name=\"twitter:label2\" content=\"Est. reading time\" \/>\n\t<meta name=\"twitter:data2\" content=\"3 minutes\" \/>\n<script type=\"application\/ld+json\" class=\"yoast-schema-graph\">{\"@context\":\"https:\\\/\\\/schema.org\",\"@graph\":[{\"@type\":\"Article\",\"@id\":\"https:\\\/\\\/www.alpecincycling.com\\\/en\\\/pro-peloton\\\/preview-stage-8-of-the-tour-de-france-2024\\\/#article\",\"isPartOf\":{\"@id\":\"https:\\\/\\\/www.alpecincycling.com\\\/en\\\/pro-peloton\\\/preview-stage-8-of-the-tour-de-france-2024\\\/\"},\"author\":{\"name\":\"Steffen\",\"@id\":\"https:\\\/\\\/www.alpecincycling.com\\\/en\\\/#\\\/schema\\\/person\\\/9ea85f043a832826d7bf54b693eb7809\"},\"headline\":\"Preview: Stage 8 of the Tour de France 2024\",\"datePublished\":\"2024-07-06T05:17:45+00:00\",\"dateModified\":\"2024-07-06T05:17:46+00:00\",\"mainEntityOfPage\":{\"@id\":\"https:\\\/\\\/www.alpecincycling.com\\\/en\\\/pro-peloton\\\/preview-stage-8-of-the-tour-de-france-2024\\\/\"},\"wordCount\":365,\"publisher\":{\"@id\":\"https:\\\/\\\/www.alpecincycling.com\\\/en\\\/#organization\"},\"image\":{\"@id\":\"https:\\\/\\\/www.alpecincycling.com\\\/en\\\/pro-peloton\\\/preview-stage-8-of-the-tour-de-france-2024\\\/#primaryimage\"},\"thumbnailUrl\":\"https:\\\/\\\/www.alpecincycling.com\\\/app\\\/uploads\\\/2024\\\/07\\\/Tour-de-France-2024-8-Etappe-Karte.pg_-scaled.jpg\",\"articleSection\":[\"Pro Peloton\"],\"inLanguage\":\"en-US\"},{\"@type\":\"WebPage\",\"@id\":\"https:\\\/\\\/www.alpecincycling.com\\\/en\\\/pro-peloton\\\/preview-stage-8-of-the-tour-de-france-2024\\\/\",\"url\":\"https:\\\/\\\/www.alpecincycling.com\\\/en\\\/pro-peloton\\\/preview-stage-8-of-the-tour-de-france-2024\\\/\",\"name\":\"Preview: Stage 8 of the Tour de France 2024 - Alpecin Cycling\",\"isPartOf\":{\"@id\":\"https:\\\/\\\/www.alpecincycling.com\\\/en\\\/#website\"},\"primaryImageOfPage\":{\"@id\":\"https:\\\/\\\/www.alpecincycling.com\\\/en\\\/pro-peloton\\\/preview-stage-8-of-the-tour-de-france-2024\\\/#primaryimage\"},\"image\":{\"@id\":\"https:\\\/\\\/www.alpecincycling.com\\\/en\\\/pro-peloton\\\/preview-stage-8-of-the-tour-de-france-2024\\\/#primaryimage\"},\"thumbnailUrl\":\"https:\\\/\\\/www.alpecincycling.com\\\/app\\\/uploads\\\/2024\\\/07\\\/Tour-de-France-2024-8-Etappe-Karte.pg_-scaled.jpg\",\"datePublished\":\"2024-07-06T05:17:45+00:00\",\"dateModified\":\"2024-07-06T05:17:46+00:00\",\"description\":\"Sprinter or breakaway \u2013 who will win Stage 8 of the Tour de France? Get all the details on the stage profile, route, map, and favorites.\",\"breadcrumb\":{\"@id\":\"https:\\\/\\\/www.alpecincycling.com\\\/en\\\/pro-peloton\\\/preview-stage-8-of-the-tour-de-france-2024\\\/#breadcrumb\"},\"inLanguage\":\"en-US\",\"potentialAction\":[{\"@type\":\"ReadAction\",\"target\":[\"https:\\\/\\\/www.alpecincycling.com\\\/en\\\/pro-peloton\\\/preview-stage-8-of-the-tour-de-france-2024\\\/\"]}]},{\"@type\":\"ImageObject\",\"inLanguage\":\"en-US\",\"@id\":\"https:\\\/\\\/www.alpecincycling.com\\\/en\\\/pro-peloton\\\/preview-stage-8-of-the-tour-de-france-2024\\\/#primaryimage\",\"url\":\"https:\\\/\\\/www.alpecincycling.com\\\/app\\\/uploads\\\/2024\\\/07\\\/Tour-de-France-2024-8-Etappe-Karte.pg_-scaled.jpg\",\"contentUrl\":\"https:\\\/\\\/www.alpecincycling.com\\\/app\\\/uploads\\\/2024\\\/07\\\/Tour-de-France-2024-8-Etappe-Karte.pg_-scaled.jpg\",\"width\":1810,\"height\":2560},{\"@type\":\"BreadcrumbList\",\"@id\":\"https:\\\/\\\/www.alpecincycling.com\\\/en\\\/pro-peloton\\\/preview-stage-8-of-the-tour-de-france-2024\\\/#breadcrumb\",\"itemListElement\":[{\"@type\":\"ListItem\",\"position\":1,\"name\":\"Home\",\"item\":\"https:\\\/\\\/www.alpecincycling.com\\\/en\\\/\"},{\"@type\":\"ListItem\",\"position\":2,\"name\":\"Pro Peloton\",\"item\":\"https:\\\/\\\/www.alpecincycling.com\\\/en\\\/t\\\/pro-peloton\\\/\"},{\"@type\":\"ListItem\",\"position\":3,\"name\":\"Preview: Stage 8 of the Tour de France 2024\"}]},{\"@type\":\"WebSite\",\"@id\":\"https:\\\/\\\/www.alpecincycling.com\\\/en\\\/#website\",\"url\":\"https:\\\/\\\/www.alpecincycling.com\\\/en\\\/\",\"name\":\"Alpecin Cycling\",\"description\":\"\",\"publisher\":{\"@id\":\"https:\\\/\\\/www.alpecincycling.com\\\/en\\\/#organization\"},\"potentialAction\":[{\"@type\":\"SearchAction\",\"target\":{\"@type\":\"EntryPoint\",\"urlTemplate\":\"https:\\\/\\\/www.alpecincycling.com\\\/en\\\/?s={search_term_string}\"},\"query-input\":{\"@type\":\"PropertyValueSpecification\",\"valueRequired\":true,\"valueName\":\"search_term_string\"}}],\"inLanguage\":\"en-US\"},{\"@type\":\"Organization\",\"@id\":\"https:\\\/\\\/www.alpecincycling.com\\\/en\\\/#organization\",\"name\":\"DR. KURT WOLFF GMBH & CO. KG\",\"alternateName\":\"DR. WOLFF\",\"url\":\"https:\\\/\\\/www.alpecincycling.com\\\/en\\\/\",\"logo\":{\"@type\":\"ImageObject\",\"inLanguage\":\"en-US\",\"@id\":\"https:\\\/\\\/www.alpecincycling.com\\\/en\\\/#\\\/schema\\\/logo\\\/image\\\/\",\"url\":\"https:\\\/\\\/www.alpecincycling.com\\\/app\\\/uploads\\\/2025\\\/03\\\/Dr-Wolff.svg\",\"contentUrl\":\"https:\\\/\\\/www.alpecincycling.com\\\/app\\\/uploads\\\/2025\\\/03\\\/Dr-Wolff.svg\",\"width\":1,\"height\":1,\"caption\":\"DR. KURT WOLFF GMBH & CO. KG\"},\"image\":{\"@id\":\"https:\\\/\\\/www.alpecincycling.com\\\/en\\\/#\\\/schema\\\/logo\\\/image\\\/\"},\"sameAs\":[\"https:\\\/\\\/facebook.com\\\/alpecincycling\",\"https:\\\/\\\/x.com\\\/alpecincycling\",\"https:\\\/\\\/www.instagram.com\\\/alpecincycling\",\"https:\\\/\\\/www.youtube.com\\\/channel\\\/UCUydTS69Mm-fk6uu_porLmw\"],\"vatID\":\"DE 124002456\"},{\"@type\":\"Person\",\"@id\":\"https:\\\/\\\/www.alpecincycling.com\\\/en\\\/#\\\/schema\\\/person\\\/9ea85f043a832826d7bf54b693eb7809\",\"name\":\"Steffen\",\"image\":{\"@type\":\"ImageObject\",\"inLanguage\":\"en-US\",\"@id\":\"https:\\\/\\\/secure.gravatar.com\\\/avatar\\\/010c64c1255f35151870e3ac8ca5c16108d7eb8b6db01651b2c3bb06ee54498a?s=96&d=mm&r=g\",\"url\":\"https:\\\/\\\/secure.gravatar.com\\\/avatar\\\/010c64c1255f35151870e3ac8ca5c16108d7eb8b6db01651b2c3bb06ee54498a?s=96&d=mm&r=g\",\"contentUrl\":\"https:\\\/\\\/secure.gravatar.com\\\/avatar\\\/010c64c1255f35151870e3ac8ca5c16108d7eb8b6db01651b2c3bb06ee54498a?s=96&d=mm&r=g\",\"caption\":\"Steffen\"},\"url\":\"https:\\\/\\\/www.alpecincycling.com\\\/en\\\/author\\\/steffen\\\/\"}]}<\/script>\n<!-- \/ Yoast SEO Premium plugin. -->","yoast_head_json":{"title":"Preview: Stage 8 of the Tour de France 2024 - Alpecin Cycling","description":"Sprinter or breakaway \u2013 who will win Stage 8 of the Tour de France? Get all the details on the stage profile, route, map, and favorites.","robots":{"index":"index","follow":"follow","max-snippet":"max-snippet:-1","max-image-preview":"max-image-preview:large","max-video-preview":"max-video-preview:-1"},"canonical":"https:\/\/www.alpecincycling.com\/en\/pro-peloton\/preview-stage-8-of-the-tour-de-france-2024\/","og_locale":"en_US","og_type":"article","og_title":"Preview: Stage 8 of the Tour de France 2024","og_description":"Sprinter or breakaway \u2013 who will win Stage 8 of the Tour de France? Get all the details on the stage profile, route, map, and favorites.","og_url":"https:\/\/www.alpecincycling.com\/en\/pro-peloton\/preview-stage-8-of-the-tour-de-france-2024\/","og_site_name":"Alpecin Cycling","article_publisher":"https:\/\/facebook.com\/alpecincycling","article_published_time":"2024-07-06T05:17:45+00:00","article_modified_time":"2024-07-06T05:17:46+00:00","og_image":[{"width":1810,"height":2560,"url":"https:\/\/www.alpecincycling.com\/app\/uploads\/2024\/07\/Tour-de-France-2024-8-Etappe-Karte.pg_-scaled.jpg","type":"image\/jpeg"}],"author":"Steffen","twitter_card":"summary_large_image","twitter_creator":"@alpecincycling","twitter_site":"@alpecincycling","twitter_misc":{"Written by":"Steffen","Est. reading time":"3 minutes"},"schema":{"@context":"https:\/\/schema.org","@graph":[{"@type":"Article","@id":"https:\/\/www.alpecincycling.com\/en\/pro-peloton\/preview-stage-8-of-the-tour-de-france-2024\/#article","isPartOf":{"@id":"https:\/\/www.alpecincycling.com\/en\/pro-peloton\/preview-stage-8-of-the-tour-de-france-2024\/"},"author":{"name":"Steffen","@id":"https:\/\/www.alpecincycling.com\/en\/#\/schema\/person\/9ea85f043a832826d7bf54b693eb7809"},"headline":"Preview: Stage 8 of the Tour de France 2024","datePublished":"2024-07-06T05:17:45+00:00","dateModified":"2024-07-06T05:17:46+00:00","mainEntityOfPage":{"@id":"https:\/\/www.alpecincycling.com\/en\/pro-peloton\/preview-stage-8-of-the-tour-de-france-2024\/"},"wordCount":365,"publisher":{"@id":"https:\/\/www.alpecincycling.com\/en\/#organization"},"image":{"@id":"https:\/\/www.alpecincycling.com\/en\/pro-peloton\/preview-stage-8-of-the-tour-de-france-2024\/#primaryimage"},"thumbnailUrl":"https:\/\/www.alpecincycling.com\/app\/uploads\/2024\/07\/Tour-de-France-2024-8-Etappe-Karte.pg_-scaled.jpg","articleSection":["Pro Peloton"],"inLanguage":"en-US"},{"@type":"WebPage","@id":"https:\/\/www.alpecincycling.com\/en\/pro-peloton\/preview-stage-8-of-the-tour-de-france-2024\/","url":"https:\/\/www.alpecincycling.com\/en\/pro-peloton\/preview-stage-8-of-the-tour-de-france-2024\/","name":"Preview: Stage 8 of the Tour de France 2024 - Alpecin Cycling","isPartOf":{"@id":"https:\/\/www.alpecincycling.com\/en\/#website"},"primaryImageOfPage":{"@id":"https:\/\/www.alpecincycling.com\/en\/pro-peloton\/preview-stage-8-of-the-tour-de-france-2024\/#primaryimage"},"image":{"@id":"https:\/\/www.alpecincycling.com\/en\/pro-peloton\/preview-stage-8-of-the-tour-de-france-2024\/#primaryimage"},"thumbnailUrl":"https:\/\/www.alpecincycling.com\/app\/uploads\/2024\/07\/Tour-de-France-2024-8-Etappe-Karte.pg_-scaled.jpg","datePublished":"2024-07-06T05:17:45+00:00","dateModified":"2024-07-06T05:17:46+00:00","description":"Sprinter or breakaway \u2013 who will win Stage 8 of the Tour de France? Get all the details on the stage profile, route, map, and favorites.","breadcrumb":{"@id":"https:\/\/www.alpecincycling.com\/en\/pro-peloton\/preview-stage-8-of-the-tour-de-france-2024\/#breadcrumb"},"inLanguage":"en-US","potentialAction":[{"@type":"ReadAction","target":["https:\/\/www.alpecincycling.com\/en\/pro-peloton\/preview-stage-8-of-the-tour-de-france-2024\/"]}]},{"@type":"ImageObject","inLanguage":"en-US","@id":"https:\/\/www.alpecincycling.com\/en\/pro-peloton\/preview-stage-8-of-the-tour-de-france-2024\/#primaryimage","url":"https:\/\/www.alpecincycling.com\/app\/uploads\/2024\/07\/Tour-de-France-2024-8-Etappe-Karte.pg_-scaled.jpg","contentUrl":"https:\/\/www.alpecincycling.com\/app\/uploads\/2024\/07\/Tour-de-France-2024-8-Etappe-Karte.pg_-scaled.jpg","width":1810,"height":2560},{"@type":"BreadcrumbList","@id":"https:\/\/www.alpecincycling.com\/en\/pro-peloton\/preview-stage-8-of-the-tour-de-france-2024\/#breadcrumb","itemListElement":[{"@type":"ListItem","position":1,"name":"Home","item":"https:\/\/www.alpecincycling.com\/en\/"},{"@type":"ListItem","position":2,"name":"Pro Peloton","item":"https:\/\/www.alpecincycling.com\/en\/t\/pro-peloton\/"},{"@type":"ListItem","position":3,"name":"Preview: Stage 8 of the Tour de France 2024"}]},{"@type":"WebSite","@id":"https:\/\/www.alpecincycling.com\/en\/#website","url":"https:\/\/www.alpecincycling.com\/en\/","name":"Alpecin Cycling","description":"","publisher":{"@id":"https:\/\/www.alpecincycling.com\/en\/#organization"},"potentialAction":[{"@type":"SearchAction","target":{"@type":"EntryPoint","urlTemplate":"https:\/\/www.alpecincycling.com\/en\/?s={search_term_string}"},"query-input":{"@type":"PropertyValueSpecification","valueRequired":true,"valueName":"search_term_string"}}],"inLanguage":"en-US"},{"@type":"Organization","@id":"https:\/\/www.alpecincycling.com\/en\/#organization","name":"DR. KURT WOLFF GMBH & CO. KG","alternateName":"DR. WOLFF","url":"https:\/\/www.alpecincycling.com\/en\/","logo":{"@type":"ImageObject","inLanguage":"en-US","@id":"https:\/\/www.alpecincycling.com\/en\/#\/schema\/logo\/image\/","url":"https:\/\/www.alpecincycling.com\/app\/uploads\/2025\/03\/Dr-Wolff.svg","contentUrl":"https:\/\/www.alpecincycling.com\/app\/uploads\/2025\/03\/Dr-Wolff.svg","width":1,"height":1,"caption":"DR. KURT WOLFF GMBH & CO. KG"},"image":{"@id":"https:\/\/www.alpecincycling.com\/en\/#\/schema\/logo\/image\/"},"sameAs":["https:\/\/facebook.com\/alpecincycling","https:\/\/x.com\/alpecincycling","https:\/\/www.instagram.com\/alpecincycling","https:\/\/www.youtube.com\/channel\/UCUydTS69Mm-fk6uu_porLmw"],"vatID":"DE 124002456"},{"@type":"Person","@id":"https:\/\/www.alpecincycling.com\/en\/#\/schema\/person\/9ea85f043a832826d7bf54b693eb7809","name":"Steffen","image":{"@type":"ImageObject","inLanguage":"en-US","@id":"https:\/\/secure.gravatar.com\/avatar\/010c64c1255f35151870e3ac8ca5c16108d7eb8b6db01651b2c3bb06ee54498a?s=96&d=mm&r=g","url":"https:\/\/secure.gravatar.com\/avatar\/010c64c1255f35151870e3ac8ca5c16108d7eb8b6db01651b2c3bb06ee54498a?s=96&d=mm&r=g","contentUrl":"https:\/\/secure.gravatar.com\/avatar\/010c64c1255f35151870e3ac8ca5c16108d7eb8b6db01651b2c3bb06ee54498a?s=96&d=mm&r=g","caption":"Steffen"},"url":"https:\/\/www.alpecincycling.com\/en\/author\/steffen\/"}]}},"_links":{"self":[{"href":"https:\/\/www.alpecincycling.com\/en\/wp-json\/wp\/v2\/posts\/103147","targetHints":{"allow":["GET"]}}],"collection":[{"href":"https:\/\/www.alpecincycling.com\/en\/wp-json\/wp\/v2\/posts"}],"about":[{"href":"https:\/\/www.alpecincycling.com\/en\/wp-json\/wp\/v2\/types\/post"}],"author":[{"embeddable":true,"href":"https:\/\/www.alpecincycling.com\/en\/wp-json\/wp\/v2\/users\/4"}],"replies":[{"embeddable":true,"href":"https:\/\/www.alpecincycling.com\/en\/wp-json\/wp\/v2\/comments?post=103147"}],"version-history":[{"count":5,"href":"https:\/\/www.alpecincycling.com\/en\/wp-json\/wp\/v2\/posts\/103147\/revisions"}],"predecessor-version":[{"id":103152,"href":"https:\/\/www.alpecincycling.com\/en\/wp-json\/wp\/v2\/posts\/103147\/revisions\/103152"}],"wp:featuredmedia":[{"embeddable":true,"href":"https:\/\/www.alpecincycling.com\/en\/wp-json\/wp\/v2\/media\/103112"}],"wp:attachment":[{"href":"https:\/\/www.alpecincycling.com\/en\/wp-json\/wp\/v2\/media?parent=103147"}],"wp:term":[{"taxonomy":"category","embeddable":true,"href":"https:\/\/www.alpecincycling.com\/en\/wp-json\/wp\/v2\/categories?post=103147"},{"taxonomy":"post_tag","embeddable":true,"href":"https:\/\/www.alpecincycling.com\/en\/wp-json\/wp\/v2\/tags?post=103147"}],"curies":[{"name":"wp","href":"https:\/\/api.w.org\/{rel}","templated":true}]}}